{"id":185,"date":"2023-01-03T07:46:56","date_gmt":"2023-01-03T07:46:56","guid":{"rendered":"https:\/\/steconomice.uoradea.ro\/doctori-domeniul-economie\/"},"modified":"2026-01-23T10:09:47","modified_gmt":"2026-01-23T08:09:47","slug":"doctori-in-stiinte-economice","status":"publish","type":"post","link":"https:\/\/steconomice.uoradea.ro\/en\/doctori-in-stiinte-economice\/","title":{"rendered":"PhD Holders in Economics"},"content":{"rendered":"<p><strong>ADMINISTRAREA AFACERILOR<\/strong><\/p>\n<table width=\"684\">\n<tbody>\n<tr>\n<td width=\"64\">\n<p><strong>No.<\/strong><\/p>\n<p><strong>crt.<\/strong><\/p>\n<\/td>\n<td width=\"134\">\n<p><strong>Numele \u0219i prenumele <\/strong><\/p>\n<p><strong>doctorului<\/strong><\/p>\n<\/td>\n<td width=\"227\">\n<p><strong>Titlul tezei de doctorat<\/strong><\/p>\n<\/td>\n<td width=\"150\">\n<p><strong>Conduc\u0103tor \u0219tiin\u021bific<\/strong><\/p>\n<\/td>\n<td width=\"108\">\n<p><strong>Data sus\u021binerii tezei de doctorat<\/strong><\/p>\n<\/td>\n<\/tr>\n<tr>\n<td width=\"64\">\n<p>2.<\/p>\n<\/td>\n<td width=\"134\">\n<p>FAUR Eva Monica<\/p>\n<\/td>\n<td width=\"227\">\n<p>Cercet\u0103ri privind cre\u0219terea competitivit\u0103\u021bii \u0219i promovarea imaginii destina\u021biei turistice.<\/p>\n<\/td>\n<td width=\"150\">\n<p>Prof.univ.dr.habil.<\/p>\n<p>Olimpia-Iuliana BAN<\/p>\n<\/td>\n<td width=\"108\">\n<p>16 Noiembrie 2023<\/p>\n<\/td>\n<\/tr>\n<\/tbody>\n<\/table>\n<p class=\" translation-block\"><strong>FINAN<\/strong><strong>\u021aE<\/strong><\/p>\n<table width=\"684\">\n<tbody>\n<tr>\n<td width=\"58\">\n<p><strong>No.<\/strong><\/p>\n<p><strong>crt.<\/strong><\/p>\n<\/td>\n<td width=\"126\">\n<p><strong>Numele \u0219i prenumele <\/strong><\/p>\n<p><strong>doctorului<\/strong><\/p>\n<\/td>\n<td width=\"204\">\n<p><strong>Titlul tezei de doctorat<\/strong><\/p>\n<\/td>\n<td width=\"191\">\n<p><strong>Conduc\u0103tor \u0219tiin\u021bific<\/strong><\/p>\n<\/td>\n<td width=\"104\">\n<p><strong>Data sus\u021binerii tezei de doctorat<\/strong><\/p>\n<\/td>\n<\/tr>\n<tr>\n<td width=\"58\">\n<p>1.<\/p>\n<\/td>\n<td width=\"126\">\n<p>C\u00c2MPAN Nicolae<\/p>\n<\/td>\n<td width=\"204\">\n<p>Eficientizarea sistemului de colectare a impozitelor \u0219i taxelor \u00een Rom\u00e2nia.<\/p>\n<\/td>\n<td width=\"191\">\n<p>Prof.univ.dr.habil.BORLEA Nicolae Sorin<\/p>\n<\/td>\n<td width=\"104\">\n<p>16 Decembrie 2022<\/p>\n<\/td>\n<\/tr>\n<tr>\n<td width=\"58\">\n<p>2.<\/p>\n<\/td>\n<td width=\"126\">\n<p>L\u0102C\u0102TU\u0218 (BELE) Alexandra Maria<\/p>\n<\/td>\n<td width=\"204\">\n<p>Instrumentele Financiare Verzi \u00een Uniunea European\u0103. Analize empirice privind corelarea lor cu dezvoltarea durabil\u0103<\/p>\n<\/td>\n<td width=\"191\">\n<p>Prof.univ.dr.habil.SAB\u0102U-POPA Claudia Diana<\/p>\n<\/td>\n<td width=\"104\">\n<p>3 Noiembrie 2023<\/p>\n<\/td>\n<\/tr>\n<tr>\n<td width=\"58\">\n<p>3.<\/p>\n<\/td>\n<td width=\"126\">\n<p>GULER Ovidiu Vasile<\/p>\n<\/td>\n<td width=\"204\">\n<p>Modelarea sustenabilit\u0103\u021bii financiare a investi\u021biilor publice. Analiza economic\u0103 versus analiza financiar\u0103.<\/p>\n<\/td>\n<td width=\"191\">\n<p>Prof.univ.dr.habil.BOLO\u0218 Marcel Ioan<\/p>\n<\/td>\n<td width=\"104\">\n<p>3 Noiembrie 2023<\/p>\n<\/td>\n<\/tr>\n<tr>\n<td width=\"58\">\n<p>4.<\/p>\n<\/td>\n<td width=\"126\">\n<p>B\u0102RNU\u021a C\u0103t\u0103lin Florin<\/p>\n<\/td>\n<td width=\"204\">\n<p>Analiza comparativ\u0103 a performan\u021bei financiare a companiilor listate pe Bursa de Valori Bucure\u0219ti \u0219i Warsaw Stock Exchange.<\/p>\n<\/td>\n<td width=\"191\">\n<p>Prof.univ.dr.habil.SAB\u0102U-POPA Claudia Diana<\/p>\n<\/td>\n<td width=\"104\">\n<p>17 Noiembrie 2023<\/p>\n<\/td>\n<\/tr>\n<tr>\n<td width=\"58\">\n<p>5.<\/p>\n<\/td>\n<td width=\"126\">\n<p>VESA Lidia<\/p>\n<\/td>\n<td width=\"204\">\n<p>Modele hibride de gestiune \u0219i alocare optim\u0103 a resurselor companiei pentru cre\u0219terea performan\u021bei acesteia.<\/p>\n<\/td>\n<td width=\"191\">\n<p>Prof.univ.dr.habil.BOLO\u0218 Marcel Ioan<\/p>\n<\/td>\n<td width=\"104\">\n<p>17 Noiembrie 2023<\/p>\n<\/td>\n<\/tr>\n<tr>\n<td width=\"58\">\n<p>6.<\/p>\n<\/td>\n<td width=\"126\">\n<p>ILIE\u0218 Remus Ionu\u021b<\/p>\n<\/td>\n<td width=\"204\">\n<p>Analiza performan\u021bei utiliz\u0103rii fondului european agricol pentru dezvoltare rural\u0103 \u0219i impactul acestuia asupra dezvolt\u0103rii rurale.<\/p>\n<\/td>\n<td width=\"191\">\n<p>Prof.univ.dr.habil.BORLEA Nicolae Sorin<\/p>\n<\/td>\n<td width=\"104\">\n<p>15 Martie 2024<\/p>\n<\/td>\n<\/tr>\n<tr>\n<td width=\"58\">\n<p>7.<\/p>\n<\/td>\n<td width=\"126\">\n<p>KUNTZ Aniko<\/p>\n<\/td>\n<td width=\"204\">\n<p>Diagnosticul financiar \u00een serviciul de utilitate public\u0103.<\/p>\n<\/td>\n<td width=\"191\">\n<p>Prof.univ.dr.habil.BOLO\u0218 Marcel Ioan<\/p>\n<\/td>\n<td width=\"104\">\n<p>15 Martie 2024<\/p>\n<\/td>\n<\/tr>\n<tr>\n<td width=\"58\">\n<p>9.<\/p>\n<\/td>\n<td width=\"126\">\n<p>SABOU (PRICOPE) Lia<\/p>\n<\/td>\n<td width=\"204\">\n<p>Analiza fraudei \u0219i evaziunii fiscale sub impactul modific\u0103rilor politicilor fiscale.<\/p>\n<\/td>\n<td width=\"191\">\n<p>Prof.univ.dr.habil.Nicolae Sorin BORLEA<\/p>\n<\/td>\n<td width=\"104\">\n<p>27 Septembrie 2024<\/p>\n<\/td>\n<\/tr>\n<\/tbody>\n<\/table>\n<p><strong>\u00a0<\/strong><\/p>\n<p><strong>ECONOMIE<\/strong><\/p>\n<table width=\"684\">\n<tbody>\n<tr>\n<td width=\"44\">\n<p><strong>No.<\/strong><\/p>\n<p><strong>crt.<\/strong><\/p>\n<\/td>\n<td width=\"102\">\n<p><strong>Numele \u0219i prenumele <\/strong><\/p>\n<p><strong>doctorului<\/strong><\/p>\n<\/td>\n<td width=\"227\">\n<p><strong>Titlul tezei de doctorat<\/strong><\/p>\n<\/td>\n<td width=\"190\">\n<p><strong>Conduc\u0103tor \u0219tiin\u021bific<\/strong><\/p>\n<\/td>\n<td width=\"120\">\n<p><strong>Data sus\u021binerii tezei de doctorat<\/strong><\/p>\n<\/td>\n<\/tr>\n<tr>\n<td width=\"44\">\n<p>1.<\/p>\n<\/td>\n<td width=\"102\">\n<p>Cretu Iulian<\/p>\n<\/td>\n<td width=\"227\">\n<p>Rolul esteticii industriale in marketing.<\/p>\n<\/td>\n<td width=\"190\">\n<p>Prof.univ.dr.M.C.Demetrescu<\/p>\n<\/td>\n<td width=\"120\">\n<p>1993<\/p>\n<\/td>\n<\/tr>\n<tr>\n<td width=\"44\">\n<p>2.<\/p>\n<\/td>\n<td width=\"102\">\n<p>Vonea Andrei<\/p>\n<\/td>\n<td width=\"227\">\n<p>Creditul agricol, factor important in strategia dezvoltarii Bancii Agricole.<\/p>\n<\/td>\n<td width=\"190\">\n<p>Prof.univ.dr.M.C.Demetrescu<\/p>\n<\/td>\n<td width=\"120\">\n<p>1995<\/p>\n<\/td>\n<\/tr>\n<tr>\n<td width=\"44\">\n<p><strong>3.<\/strong><\/p>\n<\/td>\n<td width=\"102\">\n<p>Chebeleu Traian<\/p>\n<\/td>\n<td width=\"227\">\n<p>Functia O.N.U. de reglementare pasnica a diferendelor dintre state : dinamica si perspective.<\/p>\n<\/td>\n<td width=\"190\">\n<p>Prof.univ.dr.M.C.Demetrescu<\/p>\n<\/td>\n<td width=\"120\">\n<p>1995<\/p>\n<\/td>\n<\/tr>\n<tr>\n<td width=\"44\">\n<p><strong>4.<\/strong><\/p>\n<\/td>\n<td width=\"102\">\n<p>Tautu Gheorghe<\/p>\n<\/td>\n<td width=\"227\">\n<p>Probleme fundamentale ale evolutiei pietelor agriculturii romanesti.<\/p>\n<\/td>\n<td width=\"190\">\n<p>Prof.univ.dr.M.C.Demetrescu<\/p>\n<\/td>\n<td width=\"120\">\n<p>1995<\/p>\n<\/td>\n<\/tr>\n<tr>\n<td width=\"44\">\n<p><strong>5.<\/strong><\/p>\n<\/td>\n<td width=\"102\">\n<p>Tarca Naiana<\/p>\n<\/td>\n<td width=\"227\">\n<p>Rolul informaticii in perfectionarea deciziilor in industrie.<\/p>\n<\/td>\n<td width=\"190\">\n<p>Prof.univ.dr.M.C.Demetrescu<\/p>\n<\/td>\n<td width=\"120\">\n<p>1996<\/p>\n<\/td>\n<\/tr>\n<tr>\n<td width=\"44\">\n<p><strong>6.<\/strong><\/p>\n<\/td>\n<td width=\"102\">\n<p>Nicorescu Elisabeta<\/p>\n<\/td>\n<td width=\"227\">\n<p>Traditie si modernizare in turismul romanesc in zona litoralului Marii Negre.<\/p>\n<\/td>\n<td width=\"190\">\n<p>Prof.univ.dr.M.C.Demetrescu<\/p>\n<\/td>\n<td width=\"120\">\n<p>1997<\/p>\n<\/td>\n<\/tr>\n<tr>\n<td width=\"44\">\n<p><strong>7.<\/strong><\/p>\n<\/td>\n<td width=\"102\">\n<p>Gurau Calin<\/p>\n<\/td>\n<td width=\"227\">\n<p>Marketing international si global.<\/p>\n<\/td>\n<td width=\"190\">\n<p>Prof.univ.dr.M.C.Demetrescu<\/p>\n<\/td>\n<td width=\"120\">\n<p>1998<\/p>\n<\/td>\n<\/tr>\n<tr>\n<td width=\"44\">\n<p><strong>8.<\/strong><\/p>\n<\/td>\n<td width=\"102\">\n<p>Glock Jutta<\/p>\n<\/td>\n<td width=\"227\">\n<p>Delictele pe calculatoare in Europa<\/p>\n<\/td>\n<td width=\"190\">\n<p>Prof.univ.dr.M.C.Demetrescu<\/p>\n<\/td>\n<td width=\"120\">\n<p>1999<\/p>\n<\/td>\n<\/tr>\n<tr>\n<td width=\"44\">\n<p><strong>9.<\/strong><\/p>\n<\/td>\n<td width=\"102\">\n<p>Zimmer Hans Gunter<\/p>\n<\/td>\n<td width=\"227\">\n<p>Depunerea bilantului si verificarea finala la societatile de capital conform dreptului comercial &#8211; model pentru alte forme juridice de intreprinderi.<\/p>\n<\/td>\n<td width=\"190\">\n<p>Prof.univ.dr.M.C.Demetrescu<\/p>\n<\/td>\n<td width=\"120\">\n<p>1999<\/p>\n<\/td>\n<\/tr>\n<tr>\n<td width=\"44\">\n<p><strong>10.<\/strong><\/p>\n<\/td>\n<td width=\"102\">\n<p>Tayeh Fawaz Abu<\/p>\n<\/td>\n<td width=\"227\">\n<p>Implicatiile economiei de piata pentru dezvoltarea Iordaniei.<\/p>\n<\/td>\n<td width=\"190\">\n<p>Prof.univ.dr.M.C.Demetrescu<\/p>\n<\/td>\n<td width=\"120\">\n<p>1999<\/p>\n<\/td>\n<\/tr>\n<tr>\n<td width=\"44\">\n<p><strong>11.<\/strong><\/p>\n<\/td>\n<td width=\"102\">\n<p>Kreck Herbert<\/p>\n<\/td>\n<td width=\"227\">\n<p>Inovatia si educatia anticipativa in conditiile transformarilor structural economice in Germania.<\/p>\n<\/td>\n<td width=\"190\">\n<p>Prof.univ.dr.M.C.Demetrescu<\/p>\n<\/td>\n<td width=\"120\">\n<p>1999<\/p>\n<\/td>\n<\/tr>\n<tr>\n<td width=\"44\">\n<p><strong>12.<\/strong><\/p>\n<\/td>\n<td width=\"102\">\n<p>Uth Hans-Jurgen<\/p>\n<\/td>\n<td width=\"227\">\n<p>Noi aspecte pentru optimizarea distributiei in domeniul economiei valorilor imobiliare tinand seama de conditiile speciale ale evaluarii resurselor umane.<\/p>\n<\/td>\n<td width=\"190\">\n<p>Prof.univ.dr.M.C.Demetrescu<\/p>\n<\/td>\n<td width=\"120\">\n<p>1999<\/p>\n<\/td>\n<\/tr>\n<tr>\n<td width=\"44\">\n<p><strong>13.<\/strong><\/p>\n<\/td>\n<td width=\"102\">\n<p>Kittelmann Johan Wolfgang<\/p>\n<\/td>\n<td width=\"227\">\n<p>Posibilitati de investitii si crestere economica in Europa de Vest si Est dupa exemplul conceperii de birouri si complexe promotionale.<\/p>\n<\/td>\n<td width=\"190\">\n<p>Prof.univ.dr.M.C.Demetrescu<\/p>\n<\/td>\n<td width=\"120\">\n<p>1999<\/p>\n<\/td>\n<\/tr>\n<tr>\n<td width=\"44\">\n<p><strong>14.<\/strong><\/p>\n<\/td>\n<td width=\"102\">\n<p>Rohlender Heiner<\/p>\n<\/td>\n<td width=\"227\">\n<p>Procesul de tranzitie de la economia planificata la economia de piata pe baza exemplului evolutiei in noile landuri federale germane.<\/p>\n<\/td>\n<td width=\"190\">\n<p>Prof.univ.dr.M.C.Demetrescu<\/p>\n<\/td>\n<td width=\"120\">\n<p>1999<\/p>\n<\/td>\n<\/tr>\n<tr>\n<td width=\"44\">\n<p><strong>15.<\/strong><\/p>\n<\/td>\n<td width=\"102\">\n<p>Ellermann Gerhard J. W.<\/p>\n<\/td>\n<td width=\"227\">\n<p>Sisteme evolutive de procese decizionale ca instrumente pentru sisteme eficiente de dirijare a valorilor in vederea conducerii colaboratorilor si organizarii intreprinderii = Evolutionierende Entscheidungsprozesssysteme als Instrumentarium fur Mitarbeiterfuhrung und Unternehmensorganisation.<\/p>\n<\/td>\n<td width=\"190\">\n<p>Prof.univ.dr.M.C.Demetrescu<\/p>\n<\/td>\n<td width=\"120\">\n<p>1999<\/p>\n<\/td>\n<\/tr>\n<tr>\n<td width=\"44\">\n<p><strong>16.<\/strong><\/p>\n<\/td>\n<td width=\"102\">\n<p>Dohmen Gottfried<\/p>\n<\/td>\n<td width=\"227\">\n<p>Strategii loiale in procesele comercial economice prezentate dupa exemplul economiei valorilor imobiliare.<\/p>\n<\/td>\n<td width=\"190\">\n<p>Prof.univ.dr.M.C.Demetrescu<\/p>\n<\/td>\n<td width=\"120\">\n<p>1999<\/p>\n<\/td>\n<\/tr>\n<tr>\n<td width=\"44\">\n<p><strong>17.<\/strong><\/p>\n<\/td>\n<td width=\"102\">\n<p>Klich Bernd Alfred<\/p>\n<\/td>\n<td width=\"227\">\n<p>Interdependen\u0163e \u00eentre inovare \u015fi organizare ca baz\u0103 a unei \u00eentreprinderi concuren\u0163iale.<\/p>\n<\/td>\n<td width=\"190\">\n<p>Prof.univ.dr.Gheorghe Olah<\/p>\n<\/td>\n<td width=\"120\">\n<p>2006<\/p>\n<\/td>\n<\/tr>\n<tr>\n<td width=\"44\">\n<p><strong>18.<\/strong><\/p>\n<\/td>\n<td width=\"102\">\n<p>B\u0103dulescu Daniel Lauren\u021biu<\/p>\n<\/td>\n<td width=\"227\">\n<p>Globalizarea \u015fi impactul acesteia asupra sistemului bancar.<\/p>\n<\/td>\n<td width=\"190\">\n<p>Prof.univ.dr.Gheorghe Olah<\/p>\n<\/td>\n<td width=\"120\">\n<p>2007<\/p>\n<\/td>\n<\/tr>\n<tr>\n<td width=\"44\">\n<p><strong>19.<\/strong><\/p>\n<\/td>\n<td width=\"102\">\n<p>Tripa Simona \u015etefania<\/p>\n<\/td>\n<td width=\"227\">\n<p>Industria rom\u00e2neasc\u0103 de textile \u015fi \u00eembr\u0103c\u0103minte \u00een contextul integr\u0103rii europene \u015fi al globaliz\u0103rii pie\u0163elor.<\/p>\n<\/td>\n<td width=\"190\">\n<p>Prof.univ.dr.Gheorghe Olah<\/p>\n<\/td>\n<td width=\"120\">\n<p>2010<\/p>\n<\/td>\n<\/tr>\n<tr>\n<td width=\"44\">\n<p><strong>20.<\/strong><\/p>\n<\/td>\n<td width=\"102\">\n<p>Leuca Mirela Florina<\/p>\n<\/td>\n<td width=\"227\">\n<p>Efectele economice ale schimb\u0103rilor demografice asupra sectorului spitalicesc \u00een unele \u0163\u0103ri europene.<\/p>\n<\/td>\n<td width=\"190\">\n<p>Prof.univ.dr.Alina B\u0103dulescu<\/p>\n<\/td>\n<td width=\"120\">\n<p>2011<\/p>\n<\/td>\n<\/tr>\n<tr>\n<td width=\"44\">\n<p><strong>21.<\/strong><\/p>\n<\/td>\n<td width=\"102\">\n<p>Vancea Mariana<\/p>\n<\/td>\n<td width=\"227\">\n<p>Fuziunile \u015fi achizi\u0163iile- modalit\u0103\u0163i de cre\u015ftere \u015fi dezvoltare a \u00eentreprinderilor. Particularit\u0103\u0163i europene \u015fi na\u0163ionale.<\/p>\n<\/td>\n<td width=\"190\">\n<p>Prof.univ.dr.Alina B\u0103dulescu<\/p>\n<\/td>\n<td width=\"120\">\n<p>2011<\/p>\n<\/td>\n<\/tr>\n<tr>\n<td width=\"44\">\n<p><strong>22.<\/strong><\/p>\n<\/td>\n<td width=\"102\">\n<p>Martin (Pup) Anca<\/p>\n<\/td>\n<td width=\"227\">\n<p>Etica in afaceri si competitivitatea in Romania.<\/p>\n<\/td>\n<td width=\"190\">\n<p>Prof.univ.dr. Petru Prunea<\/p>\n<\/td>\n<td width=\"120\">\n<p>2012<\/p>\n<\/td>\n<\/tr>\n<tr>\n<td width=\"44\">\n<p><strong>23.<\/strong><\/p>\n<\/td>\n<td width=\"102\">\n<p>Cavasdan (Catana) Adina<\/p>\n<\/td>\n<td width=\"227\">\n<p>Influenta integrarii economice europene a Romaniei asupra comertului cu amanuntul romanesc.<\/p>\n<\/td>\n<td width=\"190\">\n<p>Prof.univ.dr. Petru Prunea<\/p>\n<\/td>\n<td width=\"120\">\n<p>2012<\/p>\n<\/td>\n<\/tr>\n<tr>\n<td width=\"44\">\n<p><strong>24.<\/strong><\/p>\n<\/td>\n<td width=\"102\">\n<p>Pop Mugurel Gabriel Sorin<\/p>\n<\/td>\n<td width=\"227\">\n<p>Influenta politicilor si deciziilor economico-financiare ale firmei asupra rentabilitatii acesteia.<\/p>\n<\/td>\n<td width=\"190\">\n<p>Prof.univ.dr.Alina B\u0103dulescu<\/p>\n<\/td>\n<td width=\"120\">\n<p>2012<\/p>\n<\/td>\n<\/tr>\n<tr>\n<td width=\"44\">\n<p><strong>25.<\/strong><\/p>\n<\/td>\n<td width=\"102\">\n<p>Pacala Anca<\/p>\n<\/td>\n<td width=\"227\">\n<p>Intreprinderea : repere evolutive si dimensiuni actuale : transformari si performante in sistemul corporativ romanesc dupa 1989.<\/p>\n<\/td>\n<td width=\"190\">\n<p>Prof.univ.dr<\/p>\n<p>.Alina B\u0103dulescu<\/p>\n<\/td>\n<td width=\"120\">\n<p>2012<\/p>\n<\/td>\n<\/tr>\n<tr>\n<td width=\"44\">\n<p><strong>26.<\/strong><\/p>\n<\/td>\n<td width=\"102\">\n<p>Iancu Nicolaie<\/p>\n<\/td>\n<td width=\"227\">\n<p>Migratia internationala a fortei de munca : consideratii teoretice si repere ale fenomenului migrationist in Romania in context European.<\/p>\n<\/td>\n<td width=\"190\">\n<p>Prof.univ.dr. Alina B\u0103dulescu<\/p>\n<\/td>\n<td width=\"120\">\n<p>2012<\/p>\n<\/td>\n<\/tr>\n<tr>\n<td width=\"44\">\n<p><strong>27.<\/strong><\/p>\n<\/td>\n<td width=\"102\">\n<p>Caba \u0218tefan<\/p>\n<\/td>\n<td width=\"227\">\n<p>Oportunit\u0103\u0163ile comerciale \u015fi vamale oferite de aderarea Rom\u00e2niei la Uniunea European\u0103. Impact asupra comer\u0163ului exterior rom\u00e2nesc.<\/p>\n<\/td>\n<td width=\"190\">\n<p>Prof.univ.dr.Mihai Berinde<\/p>\n<\/td>\n<td width=\"120\">\n<table width=\"1130\">\n<tbody>\n<tr>\n<td width=\"964\">\n<p>11 ianuarie 2013<\/p>\n<\/td>\n<td width=\"160\">\u00a0<\/td>\n<\/tr>\n<\/tbody>\n<\/table>\n<\/td>\n<\/tr>\n<tr>\n<td width=\"44\">\n<p><strong>28.<\/strong><\/p>\n<\/td>\n<td width=\"102\">\n<p>Borma Afrodita<\/p>\n<\/td>\n<td width=\"227\">\n<p>Turismul \u015fi dezvoltarea \u00een context euroregional. Studiu de caz: Euroregiunea Bihor-Hajdu- Bihar.<\/p>\n<\/td>\n<td width=\"190\">\n<p>Prof.univ.dr.Alina B\u0103dulescu<\/p>\n<\/td>\n<td width=\"120\">\n<p>26 septembrie 2013<\/p>\n<\/td>\n<\/tr>\n<tr>\n<td width=\"44\">\n<p><strong>29.<\/strong><\/p>\n<\/td>\n<td width=\"102\">\n<p>Gal Ani\u015foara<\/p>\n<\/td>\n<td width=\"227\">\n<p>Protec\u0163ia social\u0103 a \u015fomerilor: Repere teoretice \u015fi realit\u0103\u0163i concrete.<\/p>\n<\/td>\n<td width=\"190\">\n<p>Prof.univ.dr.Alina B\u0103dulescu<\/p>\n<\/td>\n<td width=\"120\">\n<p>26 septembrie 2013<\/p>\n<\/td>\n<\/tr>\n<tr>\n<td width=\"44\">\n<p><strong>30.<\/strong><\/p>\n<\/td>\n<td width=\"102\">\n<p>Cipleu (Chiril\u0103) Lavinia-Florentina<\/p>\n<\/td>\n<td width=\"227\">\n<p>Utilizarea mecanismelor specifice politici de dezolvatare regional\u0103 a Uniuni Europene pentru cre\u015ftere competitivit\u0103\u0163ii regionale a Rom\u00e2niei.<\/p>\n<\/td>\n<td width=\"190\">\n<p>Prof.univ.dr.Alina B\u0103dulescu<\/p>\n<\/td>\n<td width=\"120\">\n<p>27 septembrie 2013<\/p>\n<\/td>\n<\/tr>\n<tr>\n<td width=\"44\">\n<p><strong>32.<\/strong><\/p>\n<\/td>\n<td width=\"102\">\n<p>Rusu Sergiu<\/p>\n<\/td>\n<td width=\"227\">\n<p>Antreprenoriatul \u00een turism \u015fi industria ospitalit\u0103\u0163ii: repere teoretice \u015fi realit\u0103\u0163i rom\u00e2ne\u015fti.<\/p>\n<\/td>\n<td width=\"190\">\n<p>Prof.univ.dr.Alina B\u0103dulescu<\/p>\n<\/td>\n<td width=\"120\">\n<p>3 aprilie 2014<\/p>\n<\/td>\n<\/tr>\n<tr>\n<td width=\"44\">\n<p><strong>33.<\/strong><\/p>\n<\/td>\n<td width=\"102\">\n<p>Cosma Daniela<\/p>\n<\/td>\n<td width=\"227\">\n<p>Abordarea acordurilor basel \u00een contextul bancar actual.<\/p>\n<\/td>\n<td width=\"190\">\n<p>Prof.univ.dr.Mihai Berinde<\/p>\n<\/td>\n<td width=\"120\">\n<p>20 iunie 2014<\/p>\n<\/td>\n<\/tr>\n<tr>\n<td width=\"44\">\n<p><strong>34.<\/strong><\/p>\n<\/td>\n<td width=\"102\">\n<p>Barbu Ionel<\/p>\n<\/td>\n<td width=\"227\">\n<p>Valorificarea poten\u021bialului turistic din mediul rural al regiunii istorice Cri\u0219ana.<\/p>\n<\/td>\n<td width=\"190\">\n<p>Prof.univ.dr.ec. Gheorghe Olah<\/p>\n<\/td>\n<td width=\"120\">\n<p>27 iunie 2014<\/p>\n<\/td>\n<\/tr>\n<tr>\n<td width=\"44\">\n<p><strong>35.<\/strong><\/p>\n<\/td>\n<td width=\"102\">\n<p>Felea Adrian- Ioan<\/p>\n<\/td>\n<td width=\"227\">\n<p>Cre\u0219terea competitivit\u0103\u021bii economiei rom\u00e2ne\u0219ti \u00een contextul dezvoltarii durabile.<\/p>\n<\/td>\n<td width=\"190\">\n<p>Prof.univ.dr.Mihai Berinde<\/p>\n<\/td>\n<td width=\"120\">\n<p>10 octombrie 2014<\/p>\n<\/td>\n<\/tr>\n<tr>\n<td width=\"44\">\n<p><strong>36.<\/strong><\/p>\n<\/td>\n<td width=\"102\">\n<p>S\u0103utiu\u021b (Delcea) Lavinia- Sidonia<\/p>\n<\/td>\n<td width=\"227\">\n<p>Politici bugetare locale \u015fi dezvoltarea economic\u0103.<\/p>\n<\/td>\n<td width=\"190\">\n<p>Prof.univ.dr.Gheorghe Olah<\/p>\n<\/td>\n<td width=\"120\">\n<p>31 octombrie 2014<\/p>\n<\/td>\n<\/tr>\n<tr>\n<td width=\"44\">\n<p><strong>37.<\/strong><\/p>\n<\/td>\n<td width=\"102\">\n<p>Rangone Adalberto<\/p>\n<\/td>\n<td width=\"227\">\n<p>The corporate gouvernance. Theoretical analysis and empirical investigation concerning the foundations of banking origin.<\/p>\n<\/td>\n<td width=\"190\">\n<p>Prof.univ.dr.Alina B\u0103dulescu<\/p>\n<\/td>\n<td width=\"120\">\n<p>20 februarie 2015<\/p>\n<\/td>\n<\/tr>\n<tr>\n<td width=\"44\">\n<p><strong>38.<\/strong><\/p>\n<\/td>\n<td width=\"102\">\n<p>Dodescu Anca<\/p>\n<\/td>\n<td width=\"227\">\n<p>Concuren\u0163\u0103 versus competitivitate. Impactul ajutoarelor de stat \u00een Rom\u00e2nia \u00een contextul integr\u0103rii \u00een Uniunea European\u0103.<\/p>\n<\/td>\n<td width=\"190\">\n<p>Prof.univ.dr.Mihai Berinde<\/p>\n<\/td>\n<td width=\"120\">\n<p>27 martie 2015<\/p>\n<\/td>\n<\/tr>\n<tr>\n<td width=\"44\">\n<p><strong>39.<\/strong><\/p>\n<\/td>\n<td width=\"102\">\n<p>Todoran (Borza) Adriana-Florina<\/p>\n<\/td>\n<td width=\"227\">\n<p>Antreprenoriatul \u00een Rom\u00e2nia: motiva\u0163ii, caracteristici \u015fi comportamente \u00een mediul de afaceri rom\u00e2nesc dup\u0103 1990.<\/p>\n<\/td>\n<td width=\"190\">\n<p>Prof.univ.dr.Alina B\u0103dulescu<\/p>\n<\/td>\n<td width=\"120\">\n<table width=\"1130\">\n<tbody>\n<tr>\n<td width=\"951\">\n<p>27 martie 2015<\/p>\n<\/td>\n<td width=\"173\">\u00a0<\/td>\n<\/tr>\n<\/tbody>\n<\/table>\n<\/td>\n<\/tr>\n<tr>\n<td width=\"44\">\n<p><strong>40.<\/strong><\/p>\n<\/td>\n<td width=\"102\">\n<p>Burtic Daniel<\/p>\n<\/td>\n<td width=\"227\">\n<p>Inovare \u015fi transformare \u00een industria media\u00a0.<\/p>\n<\/td>\n<td width=\"190\">\n<p>Prof.univ.dr.Alina B\u0103dulescu<\/p>\n<\/td>\n<td width=\"120\">\n<table width=\"1130\">\n<tbody>\n<tr>\n<td width=\"951\">\n<p>27 martie 2015<\/p>\n<\/td>\n<td width=\"173\">\u00a0<\/td>\n<\/tr>\n<\/tbody>\n<\/table>\n<\/td>\n<\/tr>\n<tr>\n<td width=\"44\">\n<p><strong>41.<\/strong><\/p>\n<\/td>\n<td width=\"102\">\n<p>Copil Crina-Angela<\/p>\n<\/td>\n<td width=\"227\">\n<p>Concentrarea \u015fi consolidarea pie\u0163ei bancare din Rom\u00e2nia \u00een context european \u015fi global.<\/p>\n<\/td>\n<td width=\"190\">\n<p>Prof.univ.dr.Alina B\u0103dulescu<\/p>\n<\/td>\n<td width=\"120\">\n<table width=\"1130\">\n<tbody>\n<tr>\n<td width=\"938\">\n<p>2 aprilie 2015<\/p>\n<\/td>\n<td width=\"186\">\u00a0<\/td>\n<\/tr>\n<\/tbody>\n<\/table>\n<\/td>\n<\/tr>\n<tr>\n<td width=\"44\">\n<p><strong>42.<\/strong><\/p>\n<\/td>\n<td width=\"102\">\n<p>Rugea (Fora)Andreea-Florina<\/p>\n<\/td>\n<td width=\"227\">\n<p>Politica concuren\u0163ei \u00een contextul liberaliz\u0103rii comer\u0163ului international.<\/p>\n<\/td>\n<td width=\"190\">\n<p>Prof.univ.dr.Mihai Berinde<\/p>\n<\/td>\n<td width=\"120\">\n<p>2 aprilie 2015<\/p>\n<\/td>\n<\/tr>\n<tr>\n<td width=\"44\">\n<p><strong>43.<\/strong><\/p>\n<\/td>\n<td width=\"102\">\n<p>\u015eprin\u0163ar (Andreescu) Nicoleta-Alina<\/p>\n<\/td>\n<td width=\"227\">\n<p>Etica \u00een afaceri \u015fi responsabilitatea social\u0103 corporativ\u0103 la nivelul companiei.<\/p>\n<\/td>\n<td width=\"190\">\n<p>Prof.univ.dr.Mihai Berinde<\/p>\n<\/td>\n<td width=\"120\">\n<p>3 aprilie 2015<\/p>\n<\/td>\n<\/tr>\n<tr>\n<td width=\"44\">\n<p><strong>44.<\/strong><\/p>\n<\/td>\n<td width=\"102\">\n<p>Stanciu Doric\u0103<\/p>\n<\/td>\n<td width=\"227\">\n<p>Alaniza \u0219i perfec\u021bionarea metodelor de combatere a evaziunii fiscale tranfrontaliere.<\/p>\n<\/td>\n<td width=\"190\">\n<p>Prof.univ.dr.Mihai Berinde<\/p>\n<\/td>\n<td width=\"120\">\n<p>30 octombrie 2015<\/p>\n<\/td>\n<\/tr>\n<tr>\n<td width=\"44\">\n<p><strong>45.<\/strong><\/p>\n<\/td>\n<td width=\"102\">\n<p>Titieni (Hatos) Roxana<\/p>\n<\/td>\n<td width=\"227\">\n<p>Tinerii pe pia\u021ba muncii. Oportunit\u0103\u021bi \u0219i dificult\u0103\u021bi de inser\u021bie.<\/p>\n<\/td>\n<td width=\"190\">\n<p>Prof.univ.dr.Alina B\u0103dulescu<\/p>\n<\/td>\n<td width=\"120\">\n<p>10 decembrie 2015<\/p>\n<\/td>\n<\/tr>\n<tr>\n<td width=\"44\">\n<p><strong>46.<\/strong><\/p>\n<\/td>\n<td width=\"102\">\n<p>\u0218ipo\u0219 &#8211; Gug Sebastian<\/p>\n<\/td>\n<td width=\"227\">\n<p>Antreprenoriatul tinerilor. Motiva\u021bii, dimensiuni \u0219i condi\u021bion\u0103ri.<\/p>\n<\/td>\n<td width=\"190\">\n<p>Prof.univ.dr.Alina B\u0103dulescu<\/p>\n<\/td>\n<td width=\"120\">\n<p>11 decembrie 2015<\/p>\n<\/td>\n<\/tr>\n<tr>\n<td width=\"44\">\n<p><strong>47.<\/strong><\/p>\n<\/td>\n<td width=\"102\">\n<p>Kolozsi Lucia<\/p>\n<\/td>\n<td width=\"227\">\n<p>Cercet\u0103ri privind economia \u0219i guvernan\u021ba public\u0103 \u00een spa\u021biul rom\u00e2nesc.<\/p>\n<\/td>\n<td width=\"190\">\n<p>Prof.univ.dr.Alina B\u0103dulescu<\/p>\n<\/td>\n<td width=\"120\">\n<p>11 decembrie 2015<\/p>\n<\/td>\n<\/tr>\n<tr>\n<td width=\"44\">\n<p><strong>48<\/strong><\/p>\n<\/td>\n<td width=\"102\">\n<p>Venig Ungur Adelina<\/p>\n<\/td>\n<td width=\"227\">\n<p>Politica ajutoarelor de stat \u00een Uniunea European\u0103 aplicat\u0103 \u00een Rom\u00e2nia \u0219i Germania.<\/p>\n<\/td>\n<td width=\"190\">\n<p>Prof.univ.dr. Mihai Berinde<\/p>\n<\/td>\n<td width=\"120\">\n<p>12 Februarie 2016<\/p>\n<\/td>\n<\/tr>\n<tr>\n<td width=\"44\">\n<p><strong>49.<\/strong><\/p>\n<\/td>\n<td width=\"102\">\n<p><a href=\"https:\/\/cloud.uoradea.ro\/index.php\/s\/HFZaojP7EQyHSAo\" target=\"_blank\" rel=\"noopener\">Popescu Felix -Angel<\/a><\/p>\n<\/td>\n<td width=\"227\">\n<p><a href=\"https:\/\/cloud.uoradea.ro\/index.php\/s\/xcX5Z5GqTZjHyme\" target=\"_blank\" rel=\"noopener\">Impactul fondurilor structurale \u0219i de coeziune asupra economiei Jude\u021bului Bihor \u00een perioada 2007 &#8211; 2013\u00a0<\/a>.<\/p>\n<\/td>\n<td width=\"190\">\n<p>Prof.univ.dr. Mihai Berinde<\/p>\n<\/td>\n<td width=\"120\">\n<p>15 Decembrie 2017<\/p>\n<\/td>\n<\/tr>\n<tr>\n<td width=\"44\">\n<p><strong>50.<\/strong><\/p>\n<\/td>\n<td width=\"102\">\n<p><a href=\"https:\/\/cloud.uoradea.ro\/index.php\/s\/YfagXidBtSbomPC\" target=\"_blank\" rel=\"noopener\">RO\u0218CA (POPA) Daniela Emilia<\/a><\/p>\n<\/td>\n<td width=\"227\">\n<p><a href=\"https:\/\/cloud.uoradea.ro\/index.php\/s\/ARJqkMiB8AGE7K8\" target=\"_blank\" rel=\"noopener\">Calitate \u0219i performan\u021b\u0103 \u00een structurile turistice de cazare. Studiu \u00een unit\u0103\u021bile din jude\u021bul Bihor<\/a>.<\/p>\n<\/td>\n<td width=\"190\">\n<p>Prof.univ.dr. Florica \u0218TEF\u0102NESCU<\/p>\n<\/td>\n<td width=\"120\">\n<p>4 Mai 2018<\/p>\n<\/td>\n<\/tr>\n<tr>\n<td width=\"44\">\n<p><strong>51.<\/strong><\/p>\n<\/td>\n<td width=\"102\">\n<p><a href=\"https:\/\/cloud.uoradea.ro\/index.php\/s\/GWxJ4getZWfA3z5\" target=\"_blank\" rel=\"noopener\">CSINTALAN Csaba-Ferenc<\/a><\/p>\n<\/td>\n<td width=\"227\">\n<p><a href=\"https:\/\/cloud.uoradea.ro\/index.php\/s\/mTzKHrcdwGkNLcc\" target=\"_blank\" rel=\"noopener\">Educa\u021bia \u0219i rolul s\u0103u \u00een cre\u0219terea \u0219i dezvoltarea economic\u0103<\/a>.<\/p>\n<\/td>\n<td width=\"190\">\n<p>Prof.univ.dr.Alina B\u0103dulescu<\/p>\n<\/td>\n<td width=\"120\">\n<p>12 Decembrie 2018<\/p>\n<\/td>\n<\/tr>\n<tr>\n<td width=\"44\">\n<p><strong>52.<\/strong><\/p>\n<\/td>\n<td width=\"102\">\n<p><a href=\"https:\/\/cloud.uoradea.ro\/index.php\/s\/AbPP66Fm688RFdS\" target=\"_blank\" rel=\"noopener\">SAVA Diana Cristina<\/a><\/p>\n<\/td>\n<td width=\"227\">\n<p>Valen\u021bele economice creative \u00een Rom\u00e2nia<\/p>\n<\/td>\n<td width=\"190\">\n<p>Professor Alina B\u0102DULESCU, PhD Habil.<\/p>\n<\/td>\n<td width=\"120\">\n<p>24 Septembrie 2019<\/p>\n<\/td>\n<\/tr>\n<tr>\n<td width=\"44\">\n<p><strong>53.<\/strong><\/p>\n<\/td>\n<td width=\"102\">\n<p>R<a href=\"https:\/\/cloud.uoradea.ro\/index.php\/s\/CHYFKZSKTnR4wmM\" target=\"_blank\" rel=\"noopener\">AD (HER\u021aE) Anamaria Diana<\/a><\/p>\n<\/td>\n<td width=\"227\">\n<p><a href=\"https:\/\/cloud.uoradea.ro\/index.php\/s\/o5B3FpqFpWBwPrC\" target=\"_blank\" rel=\"noopener\">IMM-urile \u0219i start-up-urile \u00een economia contemporan\u0103: politici de sprijin \u0219i efectele acestora<\/a>.<\/p>\n<\/td>\n<td width=\"190\">\n<p>Prof.univ.dr.habil.Daniel B\u0102DULESCU<\/p>\n<\/td>\n<td width=\"120\">\n<p>27 Noiembrie 2020<\/p>\n<\/td>\n<\/tr>\n<tr>\n<td width=\"44\">\n<p>54.<\/p>\n<\/td>\n<td width=\"102\">\n<p><a href=\"https:\/\/cloud.uoradea.ro\/index.php\/s\/wyKF3kGe9rgyegX\" target=\"_blank\" rel=\"noopener\">MORU\u021aAN Radu-Alin<\/a><\/p>\n<\/td>\n<td width=\"227\">\n<p><a href=\"https:\/\/cloud.uoradea.ro\/index.php\/s\/e89624SMw3zqaNw\" target=\"_blank\" rel=\"noopener\">B\u0103ncile str\u0103ine \u0219i stabilitatea macroeconomic\u0103 \u00een noile \u021b\u0103ri membre UE<\/a>.<\/p>\n<\/td>\n<td width=\"190\">\n<p>Prof.univ.dr.habil.Daniel B\u0102DULESCU<\/p>\n<\/td>\n<td width=\"120\">\n<p>4 Decembrie 2020<\/p>\n<\/td>\n<\/tr>\n<tr>\n<td width=\"44\">\n<p>55.<\/p>\n<\/td>\n<td width=\"102\">\n<p><a href=\"https:\/\/cloud.uoradea.ro\/index.php\/s\/DKC4mbq4zMY5ZSz\" target=\"_blank\" rel=\"noopener\">RO\u0218CA (B\u00c2C) Paula Carmen<\/a><\/p>\n<\/td>\n<td width=\"227\">\n<p><a href=\"https:\/\/cloud.uoradea.ro\/index.php\/s\/KxCfjSfRSBBiRTN\" target=\"_blank\" rel=\"noopener\">Sustenabilitatea corporativ\u0103 \u2013 Exigen\u021b\u0103 a economiei contemporane: implica\u021bii, particularit\u0103\u021bi, tendin\u021be<\/a>.<\/p>\n<\/td>\n<td width=\"190\">\n<p>Professor Alina B\u0102DULESCU, PhD Habil.<\/p>\n<\/td>\n<td width=\"120\">\n<p>11 Decembrie 2020<\/p>\n<\/td>\n<\/tr>\n<tr>\n<td width=\"44\">\n<p>56.<\/p>\n<\/td>\n<td width=\"102\">\n<p><a href=\"https:\/\/cloud.uoradea.ro\/index.php\/s\/R4eQniRMan2NxF5\" target=\"_blank\" rel=\"noopener\">FILIP (MUDURA) Mariana Lioara<\/a><\/p>\n<\/td>\n<td width=\"227\">\n<p><a href=\"https:\/\/cloud.uoradea.ro\/index.php\/s\/ESJmGMARAzeBGYX\" target=\"_blank\" rel=\"noopener\">Economia social\u0103. Politici, oportunit\u0103\u021bi \u0219i perspective de dezvoltare \u00een Uniunea European\u0103.<\/a><\/p>\n<\/td>\n<td width=\"190\">\n<p>Prof.univ.dr. Mihai Berinde<\/p>\n<\/td>\n<td width=\"120\">\n<p>30 Septembrie 2021<\/p>\n<\/td>\n<\/tr>\n<tr>\n<td width=\"44\">\n<p>57.<\/p>\n<\/td>\n<td width=\"102\">\n<p><a href=\"https:\/\/cloud.uoradea.ro\/index.php\/s\/DPjEP7aS2wat59W\" target=\"_blank\" rel=\"noopener\">MICULAICIUC (HOLOVCSUK) Angelica Veronica<\/a><\/p>\n<\/td>\n<td width=\"227\">\n<p><a href=\"https:\/\/cloud.uoradea.ro\/index.php\/s\/FmHw6jGxHB3MFQd\" target=\"_blank\" rel=\"noopener\">Evolu\u021bii ale Economiei Sociale. Biserica Ortodox\u0103 &#8211; Actor al Economiei Sociale<\/a>.<\/p>\n<\/td>\n<td width=\"190\">\n<p>Prof.univ.dr.habil. Florica \u0218TEF\u0102NESCU<\/p>\n<\/td>\n<td width=\"120\">\n<p>8 Noiembrie 2021<\/p>\n<\/td>\n<\/tr>\n<tr>\n<td width=\"44\">\n<p>58.<\/p>\n<\/td>\n<td width=\"102\">\n<p><a href=\"https:\/\/cloud.uoradea.ro\/index.php\/s\/WfGL7o25k2Df7FN\" target=\"_blank\" rel=\"noopener\">DIANU Drago\u0219 Flaviu \u0218erban<\/a><\/p>\n<\/td>\n<td width=\"227\">\n<p><a href=\"https:\/\/cloud.uoradea.ro\/index.php\/s\/pm2nkNydDsHefnn\" target=\"_blank\" rel=\"noopener\">Dinamica antreprenorial\u0103 \u0219i dezvoltarea economic\u0103 \u00een Rom\u00e2nia: O perspectiv\u0103 regional\u0103<\/a>.<\/p>\n<\/td>\n<td width=\"190\">\n<p>Prof.univ.dr.habil.Daniel B\u0102DULESCU<\/p>\n<\/td>\n<td width=\"120\">\n<p>26 Noiembrie 2021<\/p>\n<\/td>\n<\/tr>\n<tr>\n<td width=\"44\">\n<p>59.<\/p>\n<\/td>\n<td width=\"102\">\n<p><a href=\"https:\/\/cloud.uoradea.ro\/index.php\/s\/fnkfk2nfgz4Fgs2\" target=\"_blank\" rel=\"noopener\">S\u0102VEANU Tomina Gabriela<\/a><\/p>\n<\/td>\n<td width=\"227\">\n<p><a href=\"https:\/\/cloud.uoradea.ro\/index.php\/s\/rQAccsdbsCRwkC9\" target=\"_blank\" rel=\"noopener\">Social responsability of small and medium entreprises in Romania<\/a>.<\/p>\n<\/td>\n<td width=\"190\">\n<p>Prof.univ.dr.habil.Daniel B\u0102DULESCU<\/p>\n<\/td>\n<td width=\"120\">\n<p>8 Decembrie 2021<\/p>\n<\/td>\n<\/tr>\n<tr>\n<td width=\"44\">\n<p>60.<\/p>\n<\/td>\n<td width=\"102\">\n<p><a href=\"https:\/\/cloud.uoradea.ro\/index.php\/s\/GcDiLs8LQyYPWAt\" target=\"_blank\" rel=\"noopener\">\u0218TIUBEA (HER\u021aE) Elena<\/a><\/p>\n<\/td>\n<td width=\"227\">\n<p><a href=\"https:\/\/cloud.uoradea.ro\/index.php\/s\/msXL57rJHeWTTEP\" target=\"_blank\" rel=\"noopener\">Economia colaborativ\u0103 (SHARING ECONOMY) \u0219i formele ei de manifestare \u00een turism<\/a>.<\/p>\n<\/td>\n<td width=\"190\">\n<p>Professor Alina B\u0102DULESCU, PhD Habil.<\/p>\n<\/td>\n<td width=\"120\">\n<p>14 Decembrie 2021<\/p>\n<\/td>\n<\/tr>\n<tr>\n<td width=\"44\">\n<p>61.<\/p>\n<\/td>\n<td width=\"102\">\n<p><a href=\"https:\/\/cloud.uoradea.ro\/index.php\/s\/ctJZdrHz6Gr6P5R\" target=\"_blank\" rel=\"noopener\">GAVRILU\u021a Darie<\/a><\/p>\n<\/td>\n<td width=\"227\">\n<p><a href=\"https:\/\/cloud.uoradea.ro\/index.php\/s\/sS2G5Bc5AcYr28J\" target=\"_blank\" rel=\"noopener\">Regional development and innovation in the context of the romanian Start-UP Sector<\/a>.<\/p>\n<\/td>\n<td width=\"190\">\n<p>Prof.univ.dr.habil. Daniel B\u0102DULESCU<\/p>\n<\/td>\n<td width=\"120\">\n<p>5 Ianuarie 2022<\/p>\n<\/td>\n<\/tr>\n<tr>\n<td width=\"44\">\n<p>62.<\/p>\n<\/td>\n<td width=\"102\">\n<p><a href=\"https:\/\/cloud.uoradea.ro\/index.php\/s\/aZNsSr6GGdyafD4\" target=\"_blank\" rel=\"noopener\">TRIP Diana Teodora<\/a><\/p>\n<\/td>\n<td width=\"227\">\n<p><a href=\"https:\/\/cloud.uoradea.ro\/index.php\/s\/peH5Sf5eZnDbFfG\" target=\"_blank\" rel=\"noopener\">Antreprenoriat \u0219i inovare \u00een turismul de s\u0103n\u0103tate<\/a>.<\/p>\n<\/td>\n<td width=\"190\">\n<p>Prof.univ.dr.habil. Daniel B\u0102DULESCU<\/p>\n<\/td>\n<td width=\"120\">\n<p>2 Mai 2022<\/p>\n<\/td>\n<\/tr>\n<tr>\n<td width=\"44\">\n<p>63.<\/p>\n<\/td>\n<td width=\"102\">\n<p><a href=\"https:\/\/cloud.uoradea.ro\/index.php\/s\/dr2EwRaEbsCqRH4\" target=\"_blank\" rel=\"noopener\">IONESCU Mihaela Adi<\/a><\/p>\n<\/td>\n<td width=\"227\">\n<p><a href=\"https:\/\/cloud.uoradea.ro\/index.php\/s\/qQKr9Yib72CxpNC\" target=\"_blank\" rel=\"noopener\">Priorit\u0103\u021bi ale domeniului energetic din Rom\u00e2nia \u00een context european \u0219i interna\u021bional<\/a>.<\/p>\n<\/td>\n<td width=\"190\">\n<p>Professor Mihai BERINDE, PhD<\/p>\n<\/td>\n<td width=\"120\">\n<p>21 Iulie 2022<\/p>\n<\/td>\n<\/tr>\n<tr>\n<td width=\"44\">\n<p>64.<\/p>\n<\/td>\n<td width=\"102\">\n<p><a href=\"https:\/\/cloud.uoradea.ro\/index.php\/s\/J9czFa63adoWk87\" target=\"_blank\" rel=\"noopener\">CENAN (CIUCO\u0218) Monica<\/a><\/p>\n<\/td>\n<td width=\"227\">\n<p><a href=\"https:\/\/cloud.uoradea.ro\/index.php\/s\/gsiarW4cf8c75L9\" target=\"_blank\" rel=\"noopener\">Performan\u021ba antreprenorial\u0103 \u0219i dezvoltarea economico-social\u0103 \u00een Rom\u00e2nia \u00een context interna\u021bional<\/a>.<\/p>\n<\/td>\n<td width=\"190\">\n<p>Professor Alina B\u0102DULESCU, PhD Habil.<\/p>\n<\/td>\n<td width=\"120\">\n<p>18 Noiembrie 2022<\/p>\n<\/td>\n<\/tr>\n<tr>\n<td width=\"44\">\n<p>65.<\/p>\n<\/td>\n<td width=\"102\">\n<p><a href=\"https:\/\/cloud.uoradea.ro\/index.php\/s\/zRsTZCJwof6dBzL\" target=\"_blank\" rel=\"noopener\">ILLE Casiana Teodora<\/a><\/p>\n<\/td>\n<td width=\"227\">\n<p><a href=\"https:\/\/cloud.uoradea.ro\/index.php\/s\/Z3BgWCezDHgmZeD\" target=\"_blank\" rel=\"noopener\">Csr For Education\u00a0: Companies&#8217; Involvement In Economic, Financial And Entrepreneurial Education In Romania \/ Csr Pentru Educa\u021bie\u00a0: Implicarea Firmelor \u00cen Educa\u021bia Economic\u0103, Financiar\u0103 \u0218i Antreprenorial\u0103 Din Rom\u00e2nia<\/a>.<\/p>\n<\/td>\n<td width=\"190\">\n<p>Prof.univ.dr.habil. Daniel B\u0102DULESCU<\/p>\n<\/td>\n<td width=\"120\">\n<p>9 Ianuarie 2023<\/p>\n<\/td>\n<\/tr>\n<tr>\n<td width=\"44\">\n<p>66.<\/p>\n<\/td>\n<td width=\"102\">\n<p><a href=\"https:\/\/cloud.uoradea.ro\/index.php\/s\/bzXQPnkKC5jr6fq\" target=\"_blank\" rel=\"noopener\">NISTOR (H\u0102INEAL\u0102) Codru\u021ba Mihaela<\/a><\/p>\n<\/td>\n<td width=\"227\">\n<p><a href=\"https:\/\/cloud.uoradea.ro\/index.php\/s\/cFzGtiD6rx7YNjT\" target=\"_blank\" rel=\"noopener\">Contribu\u021bii privind \u00eembun\u0103t\u0103\u021birea procesului de accesare \u0219i de gestionare a fondurilor structurale \u00een Rom\u00e2nia<\/a>.<\/p>\n<\/td>\n<td width=\"190\">\n<p>Prof.univ.dr.BERINDE Mihai<\/p>\n<\/td>\n<td width=\"120\">\n<p>23 Iunie 2023<\/p>\n<\/td>\n<\/tr>\n<tr>\n<td width=\"44\">\n<p>67.<\/p>\n<\/td>\n<td width=\"102\">\n<p><a href=\"https:\/\/cloud.uoradea.ro\/index.php\/s\/WR7LcmAd72CgBLq\" target=\"_blank\" rel=\"noopener\">JURJIU (ARDELEAN) Simona-Violeta<\/a><\/p>\n<\/td>\n<td width=\"227\">\n<p><a href=\"https:\/\/cloud.uoradea.ro\/index.php\/s\/MYmFN3zAKZZHw53\" target=\"_blank\" rel=\"noopener\">Valorificarea poten\u021bialului turistic cultural urban din Rom\u00e2nia<\/a>.<\/p>\n<\/td>\n<td width=\"190\">\n<p>Professor Alina B\u0102DULESCU, PhD Habil.<\/p>\n<\/td>\n<td width=\"120\">\n<p>15 Septembrie 2023<\/p>\n<\/td>\n<\/tr>\n<tr>\n<td width=\"44\">\n<p>68.<\/p>\n<\/td>\n<td width=\"102\">\n<p><a href=\"https:\/\/cloud.uoradea.ro\/index.php\/s\/8x65SfBSABySr4i\" target=\"_blank\" rel=\"noopener\">CETERCHI (POP) Melania<\/a><\/p>\n<\/td>\n<td width=\"227\">\n<p><a href=\"https:\/\/cloud.uoradea.ro\/index.php\/s\/odfktTWYNA4MHKN\" target=\"_blank\" rel=\"noopener\">Economie Regional\u0103 \u0218i Dezvoltare Clusterial\u0103<\/a>.<\/p>\n<\/td>\n<td width=\"190\">\n<p>Prof.univ.dr.habil.\u0218TEF\u0102NESCU Florica<\/p>\n<\/td>\n<td width=\"120\">\n<p>18 Septembrie 2023<\/p>\n<\/td>\n<\/tr>\n<tr>\n<td width=\"44\">\n<p>69.<\/p>\n<\/td>\n<td width=\"102\">\n<p><a href=\"https:\/\/cloud.uoradea.ro\/index.php\/s\/2zscW2Mwd2nk5BR\" target=\"_blank\" rel=\"noopener\">COVACI (MOCA) Mihaela-Lenu\u021ba<\/a><\/p>\n<\/td>\n<td width=\"227\">\n<p><a href=\"https:\/\/cloud.uoradea.ro\/index.php\/s\/CXekKxEWRSjwQot\" target=\"_blank\" rel=\"noopener\">Gamificarea (\u201dGamification\u201d) \u0219i \u00cenv\u0103\u021barea Bazat\u0103 Pe Joc (\u201dGame-Based Learning\u201d) \u00een Educa\u021bia Economic\u0103<\/a>.<\/p>\n<\/td>\n<td width=\"190\">\n<p>Professor Alina B\u0102DULESCU, PhD Habil.<\/p>\n<\/td>\n<td width=\"120\">\n<p>12 Octombrie 2023<\/p>\n<\/td>\n<\/tr>\n<tr>\n<td width=\"44\">\n<p>70.<\/p>\n<\/td>\n<td width=\"102\">\n<p><a href=\"https:\/\/cloud.uoradea.ro\/index.php\/s\/AxZwyy4pgNXNMaW\" target=\"_blank\" rel=\"noopener\">CODREAN (DR\u0102GAN-CODREAN) Cosmina-Ioana<\/a><\/p>\n<\/td>\n<td width=\"227\">\n<p><a href=\"https:\/\/cloud.uoradea.ro\/index.php\/s\/Y7eXBinW9aaX9f6\" target=\"_blank\" rel=\"noopener\">Rolul diploma\u021biei economice \u00een dezvoltarea economic\u0103 a Rom\u00e2niei<\/a>.<\/p>\n<\/td>\n<td width=\"190\">\n<p>Prof.univ.dr.BERINDE Mihai<\/p>\n<\/td>\n<td width=\"120\">\n<p>18 Iulie 2024<\/p>\n<\/td>\n<\/tr>\n<tr>\n<td width=\"44\">\n<p>71.<\/p>\n<\/td>\n<td width=\"102\">\n<p><a href=\"https:\/\/cloud.uoradea.ro\/index.php\/s\/tntka4izbt2q9re\" target=\"_blank\" rel=\"noopener\">F\u0102G\u0102DAR Carmen Florina,<\/a><\/p>\n<\/td>\n<td width=\"227\">\n<p><a href=\"https:\/\/cloud.uoradea.ro\/index.php\/s\/NYF68bHEcrrRi9W\" target=\"_blank\" rel=\"noopener\">Youth Entrepreneurship. Trends, Challenges And Implications For Economic Education In The Age Of Digitalization And Globalisation<\/a>.<\/p>\n<\/td>\n<td width=\"190\">\n<p>Prof.univ.dr.habil. Daniel B\u0102DULESCU<\/p>\n<\/td>\n<td width=\"120\">\n<p>17 Septembrie 2024<\/p>\n<\/td>\n<\/tr>\n<\/tbody>\n<\/table>\n\n\n<p><\/p>","protected":false},"excerpt":{"rendered":"<p>ADMINISTRAREA AFACERILOR Nr. crt. Numele \u0219i prenumele doctorului Titlul tezei de doctorat Conduc\u0103tor \u0219tiin\u021bific Data sus\u021binerii tezei de doctorat 2. FAUR Eva Monica Cercet\u0103ri privind cre\u0219terea competitivit\u0103\u021bii \u0219i promovarea imaginii destina\u021biei turistice. Prof.univ.dr.habil. Olimpia-Iuliana BAN 16 Noiembrie 2023 FINAN\u021aE Nr. crt. Numele \u0219i prenumele doctorului Titlul tezei de doctorat Conduc\u0103tor \u0219tiin\u021bific Data sus\u021binerii tezei de [&hellip;]<\/p>\n","protected":false},"author":1,"featured_media":0,"comment_status":"open","ping_status":"open","sticky":false,"template":"","format":"standard","meta":{"footnotes":""},"categories":[8],"tags":[],"post_folder":[],"class_list":["post-185","post","type-post","status-publish","format-standard","hentry","category-anunturi-noutati"],"_links":{"self":[{"href":"https:\/\/steconomice.uoradea.ro\/en\/wp-json\/wp\/v2\/posts\/185","targetHints":{"allow":["GET"]}}],"collection":[{"href":"https:\/\/steconomice.uoradea.ro\/en\/wp-json\/wp\/v2\/posts"}],"about":[{"href":"https:\/\/steconomice.uoradea.ro\/en\/wp-json\/wp\/v2\/types\/post"}],"author":[{"embeddable":true,"href":"https:\/\/steconomice.uoradea.ro\/en\/wp-json\/wp\/v2\/users\/1"}],"replies":[{"embeddable":true,"href":"https:\/\/steconomice.uoradea.ro\/en\/wp-json\/wp\/v2\/comments?post=185"}],"version-history":[{"count":7,"href":"https:\/\/steconomice.uoradea.ro\/en\/wp-json\/wp\/v2\/posts\/185\/revisions"}],"predecessor-version":[{"id":8751,"href":"https:\/\/steconomice.uoradea.ro\/en\/wp-json\/wp\/v2\/posts\/185\/revisions\/8751"}],"wp:attachment":[{"href":"https:\/\/steconomice.uoradea.ro\/en\/wp-json\/wp\/v2\/media?parent=185"}],"wp:term":[{"taxonomy":"category","embeddable":true,"href":"https:\/\/steconomice.uoradea.ro\/en\/wp-json\/wp\/v2\/categories?post=185"},{"taxonomy":"post_tag","embeddable":true,"href":"https:\/\/steconomice.uoradea.ro\/en\/wp-json\/wp\/v2\/tags?post=185"},{"taxonomy":"post_folder","embeddable":true,"href":"https:\/\/steconomice.uoradea.ro\/en\/wp-json\/wp\/v2\/post_folder?post=185"}],"curies":[{"name":"wp","href":"https:\/\/api.w.org\/{rel}","templated":true}]}}