{"id":12657,"date":"2026-04-28T10:05:28","date_gmt":"2026-04-28T07:05:28","guid":{"rendered":"https:\/\/steconomice.uoradea.ro\/?p=12657"},"modified":"2026-04-28T10:05:32","modified_gmt":"2026-04-28T07:05:32","slug":"invitatie-caravana-studiilor-si-carierelor-francofone-la-uo","status":"publish","type":"post","link":"https:\/\/steconomice.uoradea.ro\/en\/invitatie-caravana-studiilor-si-carierelor-francofone-la-uo\/","title":{"rendered":"Invita\u021bie Caravana studiilor \u0219i carierelor francofone la UO"},"content":{"rendered":"<p>Studen\u021bii Facult\u0103\u021bii de \u0218tiin\u021be Economice sunt invita\u021bi&nbsp;la&nbsp;<em>Caravana&nbsp;studiilor si carierelor francofone<\/em>, sus\u021binut de o delega\u021bie a&nbsp;Ambasadei Fran\u021bei.<\/p>\n\n\n\n<p>Caravana studiilor \u015fi carierelor francofone \u00een Rom\u00e2nia:<\/p>\n\n\n\n<p>&#8211;&nbsp;&nbsp;&nbsp;&nbsp;&nbsp;&nbsp;&nbsp;&nbsp;&nbsp; prezint\u0103 tinerilor liniile opera\u0163ionale din companii \u015fi capacitatea de angajare \u00een mediul francofon<\/p>\n\n\n\n<p>&#8211;&nbsp;&nbsp;&nbsp;&nbsp;&nbsp;&nbsp;&nbsp;&nbsp;&nbsp; promoveaz\u0103&nbsp;programele de burse pentru studen\u021bi \u0219i cercet\u0103tori&nbsp;\u00een Fran\u0163a dar \u015fi \u00een Rom\u00e2nia<\/p>\n\n\n\n<p>Evenimentul va avea loc&nbsp;<strong>marti<\/strong>&nbsp;<strong>28 aprilie<\/strong>&nbsp;la&nbsp;<strong>ora 11.45&nbsp;<\/strong>\u00een<strong>&nbsp;Sala de conferin\u021be a Bibliotecii Universitare&nbsp;<\/strong>si va avea un timp estimat de 1 or\u0103.<\/p>\n\n\n\n<figure class=\"wp-block-image size-large\"><img fetchpriority=\"high\" decoding=\"async\" width=\"1024\" height=\"724\" src=\"https:\/\/steconomice.uoradea.ro\/wp-content\/uploads\/2026\/04\/image-1024x724.png\" alt=\"\" class=\"wp-image-12658\" srcset=\"https:\/\/steconomice.uoradea.ro\/wp-content\/uploads\/2026\/04\/image-1024x724.png 1024w, https:\/\/steconomice.uoradea.ro\/wp-content\/uploads\/2026\/04\/image-300x212.png 300w, https:\/\/steconomice.uoradea.ro\/wp-content\/uploads\/2026\/04\/image-768x543.png 768w, https:\/\/steconomice.uoradea.ro\/wp-content\/uploads\/2026\/04\/image-1536x1086.png 1536w, https:\/\/steconomice.uoradea.ro\/wp-content\/uploads\/2026\/04\/image-18x12.png 18w, https:\/\/steconomice.uoradea.ro\/wp-content\/uploads\/2026\/04\/image-600x424.png 600w, https:\/\/steconomice.uoradea.ro\/wp-content\/uploads\/2026\/04\/image-560x396.png 560w, https:\/\/steconomice.uoradea.ro\/wp-content\/uploads\/2026\/04\/image.png 1920w\" sizes=\"(max-width: 1024px) 100vw, 1024px\" \/><\/figure>","protected":false},"excerpt":{"rendered":"<p>Studen\u021bii Facult\u0103\u021bii de \u0218tiin\u021be Economice sunt invita\u021bi&nbsp;la&nbsp;Caravana&nbsp;studiilor si carierelor francofone, sus\u021binut de o delega\u021bie a&nbsp;Ambasadei Fran\u021bei. Caravana studiilor \u015fi carierelor francofone \u00een Rom\u00e2nia: &#8211;&nbsp;&nbsp;&nbsp;&nbsp;&nbsp;&nbsp;&nbsp;&nbsp;&nbsp; prezint\u0103 tinerilor liniile opera\u0163ionale din companii \u015fi capacitatea de angajare \u00een mediul francofon &#8211;&nbsp;&nbsp;&nbsp;&nbsp;&nbsp;&nbsp;&nbsp;&nbsp;&nbsp; promoveaz\u0103&nbsp;programele de burse pentru studen\u021bi \u0219i cercet\u0103tori&nbsp;\u00een Fran\u0163a dar \u015fi \u00een Rom\u00e2nia Evenimentul va avea loc&nbsp;marti&nbsp;28 aprilie&nbsp;la&nbsp;ora [&hellip;]<\/p>\n","protected":false},"author":4,"featured_media":0,"comment_status":"closed","ping_status":"open","sticky":false,"template":"","format":"standard","meta":{"footnotes":""},"categories":[1],"tags":[],"post_folder":[],"class_list":["post-12657","post","type-post","status-publish","format-standard","hentry","category-uncategorized"],"_links":{"self":[{"href":"https:\/\/steconomice.uoradea.ro\/en\/wp-json\/wp\/v2\/posts\/12657","targetHints":{"allow":["GET"]}}],"collection":[{"href":"https:\/\/steconomice.uoradea.ro\/en\/wp-json\/wp\/v2\/posts"}],"about":[{"href":"https:\/\/steconomice.uoradea.ro\/en\/wp-json\/wp\/v2\/types\/post"}],"author":[{"embeddable":true,"href":"https:\/\/steconomice.uoradea.ro\/en\/wp-json\/wp\/v2\/users\/4"}],"replies":[{"embeddable":true,"href":"https:\/\/steconomice.uoradea.ro\/en\/wp-json\/wp\/v2\/comments?post=12657"}],"version-history":[{"count":1,"href":"https:\/\/steconomice.uoradea.ro\/en\/wp-json\/wp\/v2\/posts\/12657\/revisions"}],"predecessor-version":[{"id":12659,"href":"https:\/\/steconomice.uoradea.ro\/en\/wp-json\/wp\/v2\/posts\/12657\/revisions\/12659"}],"wp:attachment":[{"href":"https:\/\/steconomice.uoradea.ro\/en\/wp-json\/wp\/v2\/media?parent=12657"}],"wp:term":[{"taxonomy":"category","embeddable":true,"href":"https:\/\/steconomice.uoradea.ro\/en\/wp-json\/wp\/v2\/categories?post=12657"},{"taxonomy":"post_tag","embeddable":true,"href":"https:\/\/steconomice.uoradea.ro\/en\/wp-json\/wp\/v2\/tags?post=12657"},{"taxonomy":"post_folder","embeddable":true,"href":"https:\/\/steconomice.uoradea.ro\/en\/wp-json\/wp\/v2\/post_folder?post=12657"}],"curies":[{"name":"wp","href":"https:\/\/api.w.org\/{rel}","templated":true}]}}