{"id":867,"date":"2023-10-27T07:03:16","date_gmt":"2023-10-27T07:03:16","guid":{"rendered":"https:\/\/steconomice.uoradea.ro\/burse-erasmus-3\/"},"modified":"2026-04-03T12:11:31","modified_gmt":"2026-04-03T09:11:31","slug":"burse-erasmus-plus","status":"publish","type":"post","link":"https:\/\/steconomice.uoradea.ro\/de\/burse-erasmus-plus\/","title":{"rendered":"Erasmus+-Stipendien\/ Studentenmobilit\u00e4t"},"content":{"rendered":"<div data-elementor-type=\"wp-post\" data-elementor-id=\"867\" class=\"elementor elementor-867\" data-elementor-post-type=\"post\">\n\t\t\t\t<div class=\"elementor-element elementor-element-7dd5d7c9 e-flex e-con-boxed e-con e-parent\" data-id=\"7dd5d7c9\" data-element_type=\"container\">\n\t\t\t\t\t<div class=\"e-con-inner\">\n\t\t\t\t<div class=\"elementor-element elementor-element-1e51c620 elementor-widget elementor-widget-text-editor\" data-id=\"1e51c620\" data-element_type=\"widget\" data-widget_type=\"text-editor.default\">\n\t\t\t\t<div class=\"elementor-widget-container\">\n\t\t\t\t\t\t\t\t\t<p><img fetchpriority=\"high\" decoding=\"async\" class=\"size-full wp-image-373\" src=\"https:\/\/steconomice.uoradea.ro\/wp-content\/uploads\/2023\/01\/splash-erasmusplus-470x260.png\" alt=\"splash erasmusplus 470x260\" width=\"363\" height=\"201\" srcset=\"https:\/\/steconomice.uoradea.ro\/wp-content\/uploads\/2023\/01\/splash-erasmusplus-470x260.png 470w, https:\/\/steconomice.uoradea.ro\/wp-content\/uploads\/2023\/01\/splash-erasmusplus-470x260-300x166.png 300w\" sizes=\"(max-width: 363px) 100vw, 363px\" \/><\/p><p>\ud83c\udf0d\ud83c\udf93 <strong>Willst du im Ausland studieren oder Praktikum machen? Erasmus+ wartet auf dich!<\/strong><\/p><h1><a href=\"http:\/\/steconomice.uoradea.ro\/wp-content\/uploads\/2026\/02\/Program_BIP_2026_OvGU.pdf\"><strong>BIP-Chancen<\/strong><\/a><\/h1><p class=\" translation-block\"><span lang=\"DE\">Studierende, dies ist der perfekte Moment, die Welt mit einem <strong>Erasmus+-Stipendium<\/strong> zu erkunden!<\/span><br><\/p><p class=\" translation-block\"><span lang=\"DE\">\u2708\ufe0f\ud83d\udcda Ihr habt die Gelegenheit zu <strong>reisen, zu lernen, neue Kulturen zu entdecken<\/strong> und eure Karrierechancen zu steigern! \ud83d\udd1d<\/span><br><\/p><p class=\" translation-block\"><span lang=\"DE\">\ud83d\ude80Verpasst diese einzigartige Erfahrung nicht! <strong>Bewerbt euch jetzt<\/strong> und bereitet euch f\u00fcr ein unvergessliches akademisches Abenteuer vor!<\/span><br><\/p><p class=\" translation-block\"><span lang=\"DE\">\ud83d\udcda\u2728 <strong>Verf\u00fcgbare Erasmus+-Stipendientypen f\u00fcr Studierende<\/strong><\/span><br><\/p><p class=\" translation-block\"><span lang=\"DE\">1\ufe0f <strong>Erasmus+-Stipendium f\u00fcrs Studium<\/strong> \ud83c\udf93<br>Erm\u00f6glicht Studierenden, <strong>ein Semester oder ein akademisches Jahr<\/strong> an einer Partneruniversit\u00e4t in Europa zu studieren. Es bietet die M\u00f6glichkeit, in einem internationalen Umfeld zu lernen, neue Lehrmethoden kennenzulernen und eine andere Kultur zu erleben.<\/span><br><\/p><p class=\" translation-block\"><span lang=\"DE\">Pr\u00fcfe die Abkommensliste und suche dein Ziel \u2013 <\/span><span lang=\"DE\"><a href=\"https:\/\/steconomice.uoradea.ro\/wp-content\/uploads\/2025\/02\/Lista-acorduri-studii-2025.pdf\" target=\"_self\">Mobilit\u00e4tsliste 2025<\/a><\/span><\/p><h3><a href=\"http:\/\/steconomice.uoradea.ro\/wp-content\/uploads\/2026\/03\/Calendar-Selectie-Erasmus-studenti.pdf\"><strong>Zeitplan f\u00fcr die Erasmus-Auswahl f\u00fcr das Jahr 2026<\/strong><\/a><\/h3><ul><li class=\" translation-block\"><strong><em>Einreichung <\/em><\/strong><em> 16. M\u00e4rz bis 3. April 2026<\/em><\/li><li><em>Vorstellungsgespr\u00e4ch. 6. April 2026<\/em><\/li><li><span data-olk-copy-source=\"MessageBody\">Selectia se va desf\u0103\u0219ura luni, 6 aprlie 2026, ora 12:00 \u00een F007<\/span><\/li><\/ul><div><span style=\"font-family: arial, sans-serif;\">Calendarul de selec\u021bie Erasmus+ studii pentru studen\u021bi, aferent anului academic 2025-2026, astfel:<\/span><\/div><p class=\"yiv3695350999gmail-yiv8734383611msonormal translation-block\"><span lang=\"DE\" style=\"font-family: arial, sans-serif\">\u00b7      <i>Abgabe der Bewerbungsunterlagen: 24. M\u00e4rz-7. April 2025<\/i><\/span><br><\/p><p class=\"yiv3695350999gmail-yiv8734383611msonormal translation-block\"><span lang=\"DE\" style=\"font-family: arial, sans-serif\">\u00b7      <i>Auswahl-Interview: 9. April 2025<\/i><\/span><br><\/p><table><tbody><tr><td width=\"179\"><p>Abgabe der Bewerbungsunterlagen<\/p><\/td><td width=\"151\"><p>Auswahl<\/p><\/td><\/tr><tr><td width=\"179\"><p>06.10-11.10.2025<\/p><\/td><td width=\"151\"><p>13.10.2025<\/p><\/td><\/tr><tr><td width=\"179\"><p>27.10-01.11.2025<\/p><\/td><td width=\"151\"><p>03.11.2025<\/p><\/td><\/tr><tr><td width=\"179\"><p>17.11-21.11.2025<\/p><\/td><td width=\"151\"><p>24.11.2025<\/p><\/td><\/tr><tr><td width=\"179\"><p>08.12-12.12.2025<\/p><\/td><td width=\"151\"><p>15.12.2025<\/p><\/td><\/tr><tr><td width=\"179\"><p>05.01-09.01.2026<\/p><\/td><td width=\"151\"><p>12.01.2026<\/p><\/td><\/tr><tr><td width=\"179\"><p>23.02-27.02.2026<\/p><\/td><td width=\"151\"><p>02.03.2026<\/p><\/td><\/tr><tr><td width=\"179\"><p>16.03-20.03.2026<\/p><\/td><td width=\"151\"><p>23.03.2026<\/p><\/td><\/tr><tr><td width=\"179\"><p>06.04-10.04.2026<\/p><\/td><td width=\"151\"><p>13.04.2026<\/p><\/td><\/tr><tr><td width=\"179\"><p>04.05-08.05.2026<\/p><\/td><td width=\"151\"><p>11.05.2026<\/p><\/td><\/tr><tr><td width=\"179\"><p>25.05-29.05.2026<\/p><\/td><td width=\"151\"><p>01.06.2026<\/p><\/td><\/tr><\/tbody><\/table><p>Der Kalender f\u00fcr den Auswahlprozess f\u00fcr Erasmus+ K171-Stipendien ist:<\/p><table><tbody><tr><td width=\"179\"><p>Abgabe der Bewerbungsunterlagen<\/p><\/td><td width=\"151\"><p>Auswahl<\/p><\/td><\/tr><tr><td width=\"179\"><p>06.10-10.10.2025<\/p><\/td><td width=\"151\"><p>13.10.2025 \u0219i 20.10.2025<\/p><\/td><\/tr><tr><td width=\"179\"><p>27.10-31.10.2025<\/p><\/td><td width=\"151\"><p>03.11.2025 \u0219i 10.11.2025<\/p><\/td><\/tr><tr><td width=\"179\"><p>17.11-21.11.2025<\/p><\/td><td width=\"151\"><p>24.11.2025 \u0219i 01.12.2025<\/p><\/td><\/tr><tr><td width=\"179\"><p>08.12-12.12.2025<\/p><\/td><td width=\"151\"><p>15.12.2025 \u0219i 22.12.2025<\/p><\/td><\/tr><tr><td width=\"179\"><p>05.01-09.01.2026<\/p><\/td><td width=\"151\"><p>12.01.2026 \u0219i 19.01.2026<\/p><\/td><\/tr><tr><td width=\"179\"><p>26.01-30.01.2026<\/p><\/td><td width=\"151\"><p>02.02.2026 \u0219i 09.02.2026<\/p><\/td><\/tr><tr><td width=\"179\"><p>16.02-20.02.2026<\/p><\/td><td width=\"151\"><p>23.02.2026 \u0219i 02.03.2026<\/p><\/td><\/tr><tr><td width=\"179\"><p>09.03-13.03.2026<\/p><\/td><td width=\"151\"><p>16.03.2026 \u0219i 23.03.2026<\/p><\/td><\/tr><tr><td width=\"179\"><p>30.03-03.04.2026<\/p><\/td><td width=\"151\"><p>06.04.2026 \u0219i 13.04.2026<\/p><\/td><\/tr><tr><td width=\"179\"><p>20.04-24.04.2026<\/p><\/td><td width=\"151\"><p>27.04.2026 \u0219i 04.05.2026<\/p><\/td><\/tr><tr><td width=\"179\"><p>11.05-15.05.2026<\/p><\/td><td width=\"151\"><p>18.05.2026 \u0219i 25.05.2026<\/p><\/td><\/tr><tr><td width=\"179\"><p>01.06-05.06.2026<\/p><\/td><td width=\"151\"><p>08.06.2026 \u0219i 15.06.2026<\/p><\/td><\/tr><tr><td width=\"179\"><p>22.06-26.06.2026<\/p><\/td><td width=\"151\"><p>29.06.2026 \u0219i 06.07.2026<\/p><\/td><\/tr><tr><td width=\"179\"><p>13.07-17.07.2026<\/p><\/td><td width=\"151\"><p>20.07.2026 \u0219i 27.07.2026<\/p><\/td><\/tr><tr><td width=\"179\"><p>07.09-11.09.2026<\/p><\/td><td width=\"151\"><p>14.09.2026 \u0219i 21.09.2026<\/p><\/td><\/tr><\/tbody><\/table><p class=\" translation-block\"><span lang=\"DE\">2\ufe0f <strong>Erasmus+-Stipendium f\u00fcrs Praktikum<\/strong> \ud83d\udcbc<br>Es ist denjenigen geeignet, die ein <strong>Praktikum<\/strong> in einem Unternehmen, einer Organisation oder einer Institution in einem anderen europ\u00e4ischen Land machen wollen. Es ist eine ausgezeichnete Gelegenheit, <strong>internationale Berufserfahrung<\/strong> zu sammeln, die Kompetenzen zu verbessern und den Eintritt auf den Arbeitsmarkt zu erleichtern.<\/span><br><\/p><p>Besuch erasmusintern.org, um von den Internship-Angeboten zu erfahren und kontaktiere den Anbieter!<\/p><p class=\" translation-block\"><span lang=\"DE\">Nach der Festlegung der Internshipdetails (Periode, T\u00e4tigkeiten), reich deine Bewerbungsunterlagen an <strong>[erasmusfse2020@gmail.com](mailto:erasmusfse2020@gmail.com)<\/strong> ein!<\/span><br><\/p><p>Calendarul de selec\u021bie este urm\u0103torul:<\/p><table><tbody><tr><td width=\"179\">Abgabe der Bewerbungsunterlagen<\/td><td width=\"151\">Auswahl<\/td><\/tr><tr><td width=\"179\">7.10-11.10.2024<\/td><td width=\"151\">14.10.2024<\/td><\/tr><tr><td width=\"179\">28.10-1.11.2024<\/td><td width=\"151\">4.11.2024<\/td><\/tr><tr><td width=\"179\">18.11-22.11.2024<\/td><td width=\"151\">25.11.2024<\/td><\/tr><tr><td width=\"179\">9.12-13.12.2024<\/td><td width=\"151\">16.12.2024<\/td><\/tr><tr><td width=\"179\">06.01-10.01.2025<\/td><td width=\"151\">13.01.2025<\/td><\/tr><tr><td width=\"179\">24.02-28.02.2025<\/td><td width=\"151\">3.03.2025<\/td><\/tr><tr><td width=\"179\">17.03-21.03.2025<\/td><td width=\"151\">24.03.2025<\/td><\/tr><tr><td width=\"179\">7.04-11.04.2025<\/td><td width=\"151\">14.04.2025<\/td><\/tr><tr><td width=\"179\">5.05-9.05.2025<\/td><td width=\"151\">12.05.2025<\/td><\/tr><tr><td width=\"179\">26.05-30.05.2025<\/td><td width=\"151\">2.06.2025<\/td><\/tr><\/tbody><\/table><p>Der Kalender f\u00fcr den Auswahlprozess f\u00fcr Erasmus+ K171-Stipendien ist:<\/p><table><tbody><tr><td width=\"179\">Abgabe der Bewerbungsunterlagen<\/td><td width=\"217\">Auswahl<\/td><\/tr><tr><td width=\"179\">7.10-11.10.2024<\/td><td width=\"217\">14.10.2024 und 21.10.2024<\/td><\/tr><tr><td width=\"179\">28.10-1.11.2024<\/td><td width=\"217\">4.11.2024 und 11.11.2024<\/td><\/tr><tr><td width=\"179\">18.11-22.11.2024<\/td><td width=\"217\">25.11.2024 und 02.12.2024<\/td><\/tr><tr><td width=\"179\">9.12-13.12.2024<\/td><td width=\"217\">16.12.2024 und 23.12.2024<\/td><\/tr><tr><td width=\"179\">06.01-10.01.2025<\/td><td width=\"217\">13.01.2025 und 20.01.2025<\/td><\/tr><tr><td width=\"179\">27.01-31.01.2025<\/td><td width=\"217\">3.02.2025 und 10.02.2025<\/td><\/tr><tr><td width=\"179\">10.02-21.02.2025<\/td><td width=\"217\">24.02.2025 und 3.03.2025<\/td><\/tr><tr><td width=\"179\">10.03-14.03.2025<\/td><td width=\"217\">17.03.2025 und 24.03.2025<\/td><\/tr><tr><td width=\"179\">31.03-4.04.2025<\/td><td width=\"217\">7.04.2025 und 14.04.2025<\/td><\/tr><tr><td width=\"179\">21.04-25.04.2025<\/td><td width=\"217\">28.04.2025 und 5.05.2025<\/td><\/tr><tr><td width=\"179\">12.05-16.05.2025<\/td><td width=\"217\">19.05.2025 und 26.05.2025<\/td><\/tr><tr><td width=\"179\">2.06-6.06.2025<\/td><td width=\"217\">9.06.2025 und 16.06.2025<\/td><\/tr><tr><td width=\"179\">23.06-27.06.2025<\/td><td width=\"217\">30.06.2025 und 7.07.2025<\/td><\/tr><tr><td width=\"179\">14.07-18.07.2025<\/td><td width=\"217\">21.07.2025 und 28.07.2025<\/td><\/tr><tr><td width=\"179\">8.09-12.09.2025<\/td><td width=\"217\">15.09.2025 und 22.07.2025<\/td><\/tr><\/tbody><\/table><p class=\" translation-block\"><span lang=\"DE\">3\ufe0f <strong>Erasmus+-Stipendien f\u00fcr Blended Intensive Programs (BIP)<\/strong> \ud83c\udf0d<br>Das sind innovative Programme, die eine <strong>physische Mobilit\u00e4t von kurzer Dauer<\/strong> mit virtuell durchgef\u00fchrten T\u00e4tigkeiten kombinieren. Die Studenten nehmen an internationalen Vorlesungen und Projekten teil und arbeiten mit Kommilitonen und Lehrern aus unterschiedlichen L\u00e4ndern zusammen. Das ist eine ausgezeichnete M\u00f6glichkeit, ein internationales, flexibles und dynamisches Lernumfeld kennenzulernen.<\/span><br><\/p><p class=\" translation-block\">Bewerbe dich um die von dir ausgew\u00e4hlten BIP Programme und nach dem Erhalt der Zusage vonseiten der programmanbietenden Universit\u00e4t, reiche deine Bewerbungsunterlagen bei unserer Fakult\u00e4t an erasmusfse2020@gmail.com ein!<\/p><p>Links zu BIP-Programm-Angeboten<\/p><p><a href=\"https:\/\/doctorat.uoradea.ro\/en\/evenimente-2\/eugreen-bip-menu\" target=\"_blank\" rel=\"noopener\">https:\/\/doctorat.uoradea.ro\/en\/evenimente-2\/eugreen-bip-menu<\/a> https:\/\/portalold.ipb.pt\/index.php\/en\/gri\/blended-intensive-programmes<\/p><p><span style=\"font-size: 14pt; color: #ff0000;\"><strong>DOCUMENTE IMPORTANTE\/Wichtige Dokumente<\/strong><\/span><\/p><div><a href=\"https:\/\/steconomice.uoradea.ro\/wp-content\/uploads\/2023\/10\/Documente-Dosar_inscriere-la-concurs-2023.pdf\">Bewerbungsunterlagen<\/a><\/div><div><a href=\"https:\/\/steconomice.uoradea.ro\/wp-content\/uploads\/2025\/02\/Anexa1_Erasmus_Cerere_inscriere_2025.doc\">Anhang 1. Antrag<\/a><\/div><div><a href=\"https:\/\/steconomice.uoradea.ro\/wp-content\/uploads\/2025\/02\/Anexa-7_Erasmus_Declaratie-pe-propria-raspundere-pt-inscriere-la-studii-Master_2025-2.doc\">Anhang 7. Erkl\u00e4rung zur Eigenverantwortung angesichts Einschreibung zum Magisterstudium<\/a><\/div><div><a href=\"https:\/\/steconomice.uoradea.ro\/wp-content\/uploads\/2025\/02\/Anexa-8_Erasmus_Declaratie-pe-propria-raspundere-ca-nu-a-mai-beneficiat-de-Bursa-Erasmus_2025.doc\">Anhang 8. Erkl\u00e4rung zur Eigenverantwortung, dass man fr\u00fcher kein Erasmus-Stipendium erhalten hat<\/a><\/div><div><a href=\"https:\/\/steconomice.uoradea.ro\/wp-content\/uploads\/2025\/02\/Anexa-10_Erasmus_Acord-final-cadre-didactice-Oradea-pentru-echivalare-note.doc\">Anhang 10. Abschlie\u00dfendes Abkommen zur Notenentsprechung<\/a><\/div><div><a href=\"https:\/\/steconomice.uoradea.ro\/wp-content\/uploads\/2025\/02\/Anexa-11_Erasmus-CV-format-european-EN_2025.doc\">Anhang 11. Lebenslauf  europ\u00e4isches Format<\/a><\/div><div><a href=\"https:\/\/steconomice.uoradea.ro\/wp-content\/uploads\/2025\/02\/Documente-Dosar_inscriere-la-concurs-2025.pdf\">Bewerbungsunterlagen- Erasmus+ 2025<\/a><\/div><div><a href=\"https:\/\/steconomice.uoradea.ro\/wp-content\/uploads\/2025\/02\/Erasmus-Criterii-de-departajare-studenti-2025.pdf\">Klassifizierungskriterien f\u00fcr Studenten 2025<\/a><\/div><div><a href=\"https:\/\/steconomice.uoradea.ro\/wp-content\/uploads\/2025\/02\/Lista-acorduri-studii-2025.pdf\">Liste Lernabkommen 2025<\/a><\/div><div>\u00a0<\/div>\t\t\t\t\t\t\t\t<\/div>\n\t\t\t\t<\/div>\n\t\t\t\t\t<\/div>\n\t\t\t\t<\/div>\n\t\t\t\t<\/div>","protected":false},"excerpt":{"rendered":"<p>\ud83c\udf0d\ud83c\udf93 Vrei s\u0103 studiezi sau s\u0103 faci un stagiu \u00een str\u0103in\u0103tate? Erasmus+ te a\u0219teapt\u0103! Oportunit\u0103\u021bi BIP Studen\u021bi, acesta este momentul perfect s\u0103 explora\u021bi lumea cu o burs\u0103 Erasmus+! \u2708\ufe0f\ud83d\udcda Ve\u021bi avea ocazia s\u0103 c\u0103l\u0103tori\u021bi, \u00eenv\u0103\u021ba\u021bi, descoperi\u021bi culturi noi \u0219i s\u0103 v\u0103 \u00eembun\u0103t\u0103\u021bi\u021bi \u0219ansele de carier\u0103! \ud83d\udd1d \ud83d\ude80Nu rata\u021bi aceast\u0103 experien\u021b\u0103 unic\u0103! Aplica\u021bi acum \u0219i preg\u0103ti\u021bi-v\u0103 [&hellip;]<\/p>\n","protected":false},"author":1,"featured_media":0,"comment_status":"open","ping_status":"open","sticky":false,"template":"","format":"standard","meta":{"footnotes":""},"categories":[9,12,5],"tags":[],"post_folder":[],"class_list":["post-867","post","type-post","status-publish","format-standard","hentry","category-burse","category-burse-erasmus","category-international"],"_links":{"self":[{"href":"https:\/\/steconomice.uoradea.ro\/de\/wp-json\/wp\/v2\/posts\/867","targetHints":{"allow":["GET"]}}],"collection":[{"href":"https:\/\/steconomice.uoradea.ro\/de\/wp-json\/wp\/v2\/posts"}],"about":[{"href":"https:\/\/steconomice.uoradea.ro\/de\/wp-json\/wp\/v2\/types\/post"}],"author":[{"embeddable":true,"href":"https:\/\/steconomice.uoradea.ro\/de\/wp-json\/wp\/v2\/users\/1"}],"replies":[{"embeddable":true,"href":"https:\/\/steconomice.uoradea.ro\/de\/wp-json\/wp\/v2\/comments?post=867"}],"version-history":[{"count":24,"href":"https:\/\/steconomice.uoradea.ro\/de\/wp-json\/wp\/v2\/posts\/867\/revisions"}],"predecessor-version":[{"id":12570,"href":"https:\/\/steconomice.uoradea.ro\/de\/wp-json\/wp\/v2\/posts\/867\/revisions\/12570"}],"wp:attachment":[{"href":"https:\/\/steconomice.uoradea.ro\/de\/wp-json\/wp\/v2\/media?parent=867"}],"wp:term":[{"taxonomy":"category","embeddable":true,"href":"https:\/\/steconomice.uoradea.ro\/de\/wp-json\/wp\/v2\/categories?post=867"},{"taxonomy":"post_tag","embeddable":true,"href":"https:\/\/steconomice.uoradea.ro\/de\/wp-json\/wp\/v2\/tags?post=867"},{"taxonomy":"post_folder","embeddable":true,"href":"https:\/\/steconomice.uoradea.ro\/de\/wp-json\/wp\/v2\/post_folder?post=867"}],"curies":[{"name":"wp","href":"https:\/\/api.w.org\/{rel}","templated":true}]}}