{"id":12660,"date":"2026-04-29T16:00:06","date_gmt":"2026-04-29T13:00:06","guid":{"rendered":"https:\/\/steconomice.uoradea.ro\/?p=12660"},"modified":"2026-04-29T16:00:10","modified_gmt":"2026-04-29T13:00:10","slug":"anunt-privind-concursul-de-economie-virgil-madgearu-editia-2026","status":"publish","type":"post","link":"https:\/\/steconomice.uoradea.ro\/de\/anunt-privind-concursul-de-economie-virgil-madgearu-editia-2026\/","title":{"rendered":"Anun\u021b privind Concursul de Economie \u201eVirgil Madgearu\u201d \u2013 edi\u021bia 2026"},"content":{"rendered":"<p>Studen\u021bii Facult\u0103\u021bii de \u0218tiin\u021be Economice sunt invita\u021bi s\u0103 participe la Concursul de Economie \u201eVirgil Madgearu\u201d, edi\u021bia a XIII-a 2026, organizat de Universitatea \u201eAurel Vlaicu\u201d din Arad.<\/p>\n\n\n\n<p>Participarea implic\u0103 elaborarea unui eseu pe o tem\u0103 din domeniul economic, \u00een acord cu ariile de studiu, lucrarea urm\u00e2nd a fi transmis\u0103 \u00een perioada 11\u201318 mai 2026, p\u00e2n\u0103 la ora 12:00. Sus\u021binerea lucr\u0103rilor va avea loc \u00een data de 21 mai 2026.<\/p>\n\n\n\n<p>Prin aceast\u0103 competi\u021bie se urm\u0103re\u0219te dezvoltarea competen\u021belor de cercetare \u0219i exprimare academic\u0103, precum \u0219i stimularea implic\u0103rii studen\u021bilor \u00een activit\u0103\u021bi cu caracter \u0219tiin\u021bific. Cele mai bune lucr\u0103ri vor fi premiate, iar participan\u021bii vor beneficia de diplome de participare.<\/p>\n\n\n\n<p><a href=\"http:\/\/steconomice.uoradea.ro\/wp-content\/uploads\/2026\/04\/Regulament-Virgil-Madgearu-2026-Anexa-1.pdf\" data-type=\"link\" data-id=\"http:\/\/steconomice.uoradea.ro\/wp-content\/uploads\/2026\/04\/Regulament-Virgil-Madgearu-2026-Anexa-1.pdf\">Regulament participare<\/a><\/p>","protected":false},"excerpt":{"rendered":"<p>Studen\u021bii Facult\u0103\u021bii de \u0218tiin\u021be Economice sunt invita\u021bi s\u0103 participe la Concursul de Economie \u201eVirgil Madgearu\u201d, edi\u021bia a XIII-a 2026, organizat de Universitatea \u201eAurel Vlaicu\u201d din Arad. Participarea implic\u0103 elaborarea unui eseu pe o tem\u0103 din domeniul economic, \u00een acord cu ariile de studiu, lucrarea urm\u00e2nd a fi transmis\u0103 \u00een perioada 11\u201318 mai 2026, p\u00e2n\u0103 la [&hellip;]<\/p>\n","protected":false},"author":4,"featured_media":0,"comment_status":"closed","ping_status":"open","sticky":false,"template":"","format":"standard","meta":{"footnotes":""},"categories":[1],"tags":[],"post_folder":[],"class_list":["post-12660","post","type-post","status-publish","format-standard","hentry","category-uncategorized"],"_links":{"self":[{"href":"https:\/\/steconomice.uoradea.ro\/de\/wp-json\/wp\/v2\/posts\/12660","targetHints":{"allow":["GET"]}}],"collection":[{"href":"https:\/\/steconomice.uoradea.ro\/de\/wp-json\/wp\/v2\/posts"}],"about":[{"href":"https:\/\/steconomice.uoradea.ro\/de\/wp-json\/wp\/v2\/types\/post"}],"author":[{"embeddable":true,"href":"https:\/\/steconomice.uoradea.ro\/de\/wp-json\/wp\/v2\/users\/4"}],"replies":[{"embeddable":true,"href":"https:\/\/steconomice.uoradea.ro\/de\/wp-json\/wp\/v2\/comments?post=12660"}],"version-history":[{"count":1,"href":"https:\/\/steconomice.uoradea.ro\/de\/wp-json\/wp\/v2\/posts\/12660\/revisions"}],"predecessor-version":[{"id":12662,"href":"https:\/\/steconomice.uoradea.ro\/de\/wp-json\/wp\/v2\/posts\/12660\/revisions\/12662"}],"wp:attachment":[{"href":"https:\/\/steconomice.uoradea.ro\/de\/wp-json\/wp\/v2\/media?parent=12660"}],"wp:term":[{"taxonomy":"category","embeddable":true,"href":"https:\/\/steconomice.uoradea.ro\/de\/wp-json\/wp\/v2\/categories?post=12660"},{"taxonomy":"post_tag","embeddable":true,"href":"https:\/\/steconomice.uoradea.ro\/de\/wp-json\/wp\/v2\/tags?post=12660"},{"taxonomy":"post_folder","embeddable":true,"href":"https:\/\/steconomice.uoradea.ro\/de\/wp-json\/wp\/v2\/post_folder?post=12660"}],"curies":[{"name":"wp","href":"https:\/\/api.w.org\/{rel}","templated":true}]}}