{"id":10128,"date":"2025-09-01T19:01:43","date_gmt":"2025-09-01T16:01:43","guid":{"rendered":"https:\/\/steconomice.uoradea.ro\/?p=10128"},"modified":"2026-03-02T16:29:58","modified_gmt":"2026-03-02T14:29:58","slug":"comisii-fse","status":"publish","type":"post","link":"https:\/\/steconomice.uoradea.ro\/de\/comisii-fse\/","title":{"rendered":"ESF-Aussch\u00fcsse"},"content":{"rendered":"<div data-elementor-type=\"wp-post\" data-elementor-id=\"10128\" class=\"elementor elementor-10128\" data-elementor-post-type=\"post\">\n\t\t\t\t<div class=\"elementor-element elementor-element-7f2fd5ba e-flex e-con-boxed e-con e-parent\" data-id=\"7f2fd5ba\" data-element_type=\"container\">\n\t\t\t\t\t<div class=\"e-con-inner\">\n\t\t\t\t<div class=\"elementor-element elementor-element-511a89ea elementor-widget elementor-widget-text-editor\" data-id=\"511a89ea\" data-element_type=\"widget\" data-widget_type=\"text-editor.default\">\n\t\t\t\t<div class=\"elementor-widget-container\">\n\t\t\t\t\t\t\t\t\t<h2><strong>Fachkomitees des Rates der Wirtschaftswissenschaftlichen Fakult\u00e4t f\u00fcr die Amtszeit 2023\u20132028<\/strong><\/h2>\n<h3><strong>Fachkomitees des Rates der Wirtschaftswissenschaftlichen Fakult\u00e4t f\u00fcr das akademische Jahr 2024\u20132025<\/strong><\/h3>\n<p><!-- \/wp:paragraph --><!-- wp:paragraph --><\/p>\n<ul>\n<li class=\" translation-block\"><strong>Komitee f\u00fcr die Gestaltung und Durchf\u00fchrung des Bildungsprozesses<\/strong><br>\n1.1.Aufgaben und Zust\u00e4ndigkeiten: analysiert und gibt eine Stellungnahme\/Empfehlungen oder erteilt gegebenenfalls eine beratende Stellungnahme (gem\u00e4\u00df Artikel 11 dieser Verordnung) zu:<br>\na) den f\u00fcr diesen Bereich vorgeschlagenen Vorschriften<br>\nb) den von der Fakult\u00e4t verwalteten Studienprogrammen, zur Aktualisierung bestehender und Einf\u00fchrung neuer Studienprogramme<br>\nc) den Lehrpl\u00e4nen der Studienprogramme<br>\nd) den Stellenpl\u00e4nen f\u00fcr das Lehrpersonal (ausschlie\u00dflich f\u00fcr nichtfinanzielle Aspekte im Zusammenhang mit der Durchf\u00fchrung der Studienprogramme)<br>\ne) den Selbstbewertungsberichten mit Hinblick auf die akademische Bewertung, Genehmigung und Akkreditierung der Studienprogramme;<br>\nf) den vorgeschlagenen Einschulungszahlen f\u00fcr das folgende akademische Jahr;<br>\ng) der Anzahl der Studentenserien, Gruppen und Untergruppen unter Einhaltung der gesetzlichen Bestimmungen und der Beschl\u00fcsse des Universit\u00e4tssenats;<br>\nh) weiteren Aufgaben, die in den internen Vorschriften\/Methodologien\/Verfahren der Universit\u00e4t von Oradea (UO) vorgesehen sind und vom Senat der Universit\u00e4t von Oradea den geltenden Rechtsvorschriften gem\u00e4\u00df genehmigt wurden.<\/li>\n<\/ul>\n<p class=\" translation-block\"><strong>1.2. Zusammensetzung:<\/strong><br>\nPr\u00e4sident: Prodekan Lektor Dr. Diana Perticas<br>\nMitglieder:<br>\nProf.Dr.habil. Ioan Dan Morar<br>\nProf.Dr.habil. Victoria Bogdan<br>\nProf.Dr.habil. Bac Dorin<br>\nDoz.Dr.habil. Bugnar Nicoleta<br>\nDoz.Dr. Corneliu Ben\u021be<br>\nDoz.Dr. Naiana Tarc\u0103<br>\nDoz.Dr.habil. Marieta Sehleanu<br>\nDoz.Dr. Ioana Horea<br>\nStudentin Livia Zberea<br>\nStudentin Ganta Bianca<br><\/p>\n<ul>\n<li><strong>Haushalts- und Finanzkomitee<\/strong><\/li>\n<\/ul>\n<p>2.1.Aufgaben und Zust\u00e4ndigkeiten: analysiert und gibt eine Stellungnahme\/Empfehlungen oder erteilt gegebenenfalls eine beratende Stellungnahme (gem\u00e4\u00df Artikel 11 dieser Verordnung) zu:<\/p>\n<ol class=\"wp-block-list\">\n<li class=\" translation-block\">a) den f\u00fcr diesen Bereich vorgeschlagenen Vorschriften (angesichts finanzieller Aspekte)<br>\nb) der Einf\u00fchrung neuer Studienprogramme (in Bezug auf finanzielle Aspekte)<br>\nc) den Stellenpl\u00e4nen des Lehrpersonals (in Bezug auf finanzielle Aspekte)<br>\nd) den vorgeschlagenen Studiengeb\u00fchren f\u00fcr die von der Fakult\u00e4t f\u00fcr Wirtschaftswissenschaften verwalteten Programme<br>\ne) den Vorschl\u00e4gen der Abteilungen zur Ausschreibung von Lehr- und Forschungsstellen<br>\n(in Bezug auf die finanziellen Auswirkungen der ausgeschriebenen Stellen)<br>\nf) den vorgeschlagenen Aktivit\u00e4ten f\u00fcr die Erzielung von au\u00dferplanm\u00e4\u00dfigen Einnahmen;<br>\ng) T\u00e4tigkeit des Dekans, der Prodekane und der Abteilungsleiter (in Bezug auf<br>\nfinanzielle Aspekte)<br>\nh) der T\u00e4tigkeit der Forschungszentren innerhalb der Fakult\u00e4t (f\u00fcr Aspekte finanzieller Art)<br>\ni) weiteren Aufgaben, die in den internen Vorschriften\/Methodologien\/Verfahren der UO vorgesehen sind und<br>\nvom Senat der Universit\u00e4t von Oradea den geltenden Rechtsvorschriften gem\u00e4\u00df genehmigt wurden<br><\/li>\n<li class=\" translation-block\"><strong>Zusammensetzung:<\/strong><br>\nPr\u00e4sident Dekan: Prof.Dr. habil. Sab\u0103u-Popa Diana<br>\nMitglieder: Prof.Dr. habil. Bogdan Victoria<br>\nProf.Dr. habil. Ioan Dan Morar<br>\nProf.Dr. habil. Bac Dorin<br>\nProf.Dr. habil. Anca Dodescu<br>\nDoz.Dr.habil. Simut Ramona<br>\nDoz.Dr.habil. Dana Gherai<br>\nLektor.Dr. Diana Perticas<br>\nLektor.Dr. Adrian Negrea<br>\nStudentin Bodea Denisa<br>\nStudentin Livia Zberea<br><\/li>\n<\/ol>\n<ul class=\"wp-block-list\">\n<li style=\"list-style-type: none;\">\n<ul class=\"wp-block-list\">\n<li class=\" translation-block\"><strong>Komitee f\u00fcr wissenschaftliche Forschung und internationale Beziehungen<\/strong><br>\n3.1.Aufgaben und Zust\u00e4ndigkeiten: analysiert und gibt eine Stellungnahme\/Empfehlung oder erteilt gegebenenfalls eine beratende Stellungnahme (gem\u00e4\u00df Artikel 11 dieser Verordnung) zu:<br>\na) f\u00fcr diese Bereiche vorgeschlagenen Vorschriften<br>\nb) der T\u00e4tigkeit des Dekans, der Prodekane und der Abteilungsleiter in diesem Bereich<br>\nc) den Vorschl\u00e4gen der Abteilungen zur Ausschreibung von Forschungsstellen (ausschlie\u00dflich f\u00fcr<br>\nAspekte der wissenschaftlichen Forschungst\u00e4tigkeit, die f\u00fcr die ausgeschriebene Stelle spezifisch sind)<br>\nd) der T\u00e4tigkeit der Forschungszentren innerhalb der Fakult\u00e4t (ausschlie\u00dflich f\u00fcr nichtfinanzielle Aspekte der wissenschaftlichen Forschungst\u00e4tigkeit)<br>\ne) Vorschl\u00e4gen f\u00fcr wissenschaftliche Veranstaltungen, die von der Fakult\u00e4t f\u00fcr Wirtschaftswissenschaften organisiert werden<br>\nf) den Auswahlkriterien f\u00fcr die Beg\u00fcnstigten von Mobilit\u00e4tsgrants im Rahmen des Erasmus+-Programms<br>\ng) sonstigen Aufgaben, die in den internen Vorschriften\/Methodologien\/Verfahren der UO vorgesehen sind und<br>\nvom Senat der Universit\u00e4t von Oradea den geltenden Rechtsvorschriften gem\u00e4\u00df genehmigt wurden<br><\/li>\n<\/ul>\n<\/li>\n<\/ul>\n<p><!-- \/wp:list-item --><\/p>\n<p><!-- \/wp:list --><!-- wp:paragraph --><\/p>\n<ul>\n<li style=\"list-style-type: none;\">\n<ul class=\"wp-block-list\">\n<li class=\" translation-block\"><strong>Zusammensetzung:<\/strong><br>\nPr\u00e4sident: Prodekan Doz.Dr. Dorin Coita<br>\nMitglieder: Prof.Dr. habil. Ban Olimpia<br>\nDoz.Dr.habil. Nicoleta Bugnar<br>\nDoz.Dr.habil. Alexandru Constangioara<br>\nDoz.Dr.habil. Ramona Simu\u021b<br>\nDoz.Dr. Leonard Abrudan<br>\nDoz.Dr.habil. Bodog Simona<br>\nLektor Dr. Diana Perticas<br>\nLektor Dr. Mirabela Pop<br>\nLektor Dr. Andra Porumb<br>\nLektor Dr. Felicia Constantin<br>\nLektor Dr. Ciprian Benea<br>\nStudentin Gan\u021ba Bianca<br><\/li>\n<\/ul>\n<\/li>\n<\/ul>\n<p><!-- \/wp:list-item --><\/p>\n<p><!-- \/wp:list --><!-- wp:paragraph --><\/p>\n<p><!-- \/wp:paragraph --><!-- wp:list {\"ordered\":true} --><\/p>\n<ul class=\"wp-block-list\">\n<li style=\"list-style-type: none;\">\n<ul class=\"wp-block-list\"><!-- wp:list-item --><\/ul>\n<\/li>\n<\/ul>\n<ul class=\"wp-block-list\">\n<li style=\"list-style-type: none;\">\n<ul class=\"wp-block-list\">\n<li class=\" translation-block\"><strong>Komitee f\u00fcr ethische Probleme und Qualit\u00e4tsmanagement<\/strong><br>\n4.1.Aufgaben und Zust\u00e4ndigkeiten: analysiert und gibt eine Stellungnahme\/Empfehlung oder erteilt gegebenenfalls eine beratende Stellungnahme (gem\u00e4\u00df Artikel 11 dieser Verordnung) zu:<br>\na) f\u00fcr diesen Bereich vorgeschlagenen Vorschriften<br>\nb) Vorschl\u00e4gen der Abteilungen zur Ausschreibung von Lehr- und Forschungsstellen<br>\n(hinsichtlich der Zeitm\u00e4\u00dfigkeit der Ausschreibung der Stelle)<br>\nc) Einstellung von Fachleuten mit anerkannter wissenschaftlicher Kompetenz in diesem Bereich als Lehrbeauftragte und Gastforscher den gesetzlichen Bestimmungen gem\u00e4\u00df<br>\nd) der T\u00e4tigkeit des Dekans, der Prodekane und der Abteilungsleiter in diesem Bereich<br>\ne) der Qualit\u00e4tssicherung und -bewertung angesichts der von der Fakult\u00e4t verwalteten Studienprogramme und der Lehrkr\u00e4fte der Fakult\u00e4t<br>\nf) der Einhaltung der akademischen Ethik in der Fakult\u00e4t<br>\ng) sonstigen Aufgaben, die in den internen Vorschriften\/Methodologien\/Verfahren der UO vorgesehen sind und vom Senat der Universit\u00e4t von Oradea den geltenden Rechtsvorschriften gem\u00e4\u00df genehmigt wurden<br>\n\n<strong>4.2.Zusammensetzung : 75% Lehrkr\u00e4fte und 25% Studenten<\/strong><br>\nPr\u00e4sident Prof.Dr. habil. Adriana Giurgiu<br>\nMitglieder:<br>\nDoz.Dr.habil. Dana Gherai<br>\nProf.Dr.habil. Victoria Bogdan<br>\nProf.Dr. habil. habil. Elena Botezat<br>\nProf.Dr. Alina Badulescu<br>\nDoz.Dr.habil. Constangioara Alexandru<br>\nDoz.Dr. Ioana Horea<br>\nDoz.Dr.habil. Lauren\u021biu Droj<br>\nDoz.Dr.habil. Bodog Simona<br>\nStudentin Vinter Patricia<br>\nStudentin Zberea Livia<br>\nStudentin Bodea Denisa<br>\nStudentin Gan\u021ba Bianca<br><\/li>\n<\/ul>\n<\/li>\n<\/ul>\n<p><!-- \/wp:list-item --><\/p>\n<p><!-- \/wp:list --><!-- wp:paragraph --><\/p>\n<p><!-- \/wp:paragraph --><!-- wp:list {\"ordered\":true} --><\/p>\n<ul class=\"wp-block-list\">\n<li style=\"list-style-type: none;\">\n<ul class=\"wp-block-list\"><!-- wp:list-item --><\/ul>\n<\/li>\n<\/ul>\n<ul class=\"wp-block-list\">\n<li style=\"list-style-type: none;\">\n<ul class=\"wp-block-list\">\n<li class=\" translation-block\"><strong>Komitee f\u00fcr studentische und soziale Angelegenheiten<\/strong><br>\n5.1.Aufgaben und Zust\u00e4ndigkeiten: analysiert und gibt eine Stellungnahme\/Empfehlung oder erteilt gegebenenfalls eine beratende Stellungnahme (gem\u00e4\u00df Artikel 11 dieser Verordnung) zu:<br>\na) f\u00fcr diesen Bereich vorgeschlagenen Vorschriften<br>\nb) der T\u00e4tigkeit des Dekans, der Prodekane und der Abteilungsleiter in diesem Bereich<br>\nc) weiteren vom Senat der Universit\u00e4t von Oradea den geltenden Rechtsvorschriften gem\u00e4\u00df genehmigten Aufgaben<br>\nd) den Analyse- und Bewertungskriterien der Unterlagen und Erteilung von Stipendien innerhalb der Fakult\u00e4t f\u00fcr<br>\nWirtschaftswissenschaften unter Einhaltung der einschl\u00e4gigen gesetzlichen und vorschriftsgem\u00e4\u00dfen Bestimmungen<br>\ne) der Genehmigung der Listen der Stipendiaten der Fakult\u00e4t f\u00fcr Wirtschaftswissenschaften<br>\nf) der Genehmigung der Liste der Beg\u00fcnstigten von Sommer-\/Winterlagertickets<br>\ng) der Genehmigung der Unterbringungslisten der Studierenden der Fakult\u00e4t in den Wohnheimen der Universit\u00e4t von Oradea, einschlie\u00dflich der Liste mit den Reservisten<br>\nh) fristgerechter Bearbeitung von Einspr\u00fcchen angesichts der Unterbringungslisten der Studierenden der Fakult\u00e4t in den Wohnheimen der Universit\u00e4t von Oradea<br>\ni) den Kriterien f\u00fcr die Verteilung der staatlich finanzierten Studienpl\u00e4tzen an der Fakult\u00e4t f\u00fcr Wirtschaftswissenschaften<br>\nj) der Genehmigung der Liste der Beg\u00fcnstigten der staatlich finanzierten Studienpl\u00e4tze an der Fakult\u00e4t f\u00fcr Wirtschaftswissenschaften<br>\nk) fristgerechter Bearbeitung von Einspr\u00fcchen gegen die Liste der Beg\u00fcnstigten der staatlich finanzierten Studienpl\u00e4tze<br>\nl) der M\u00f6glichkeit der Absolvierung durch die Studierenden von zwei Studienjahren innerhalb eines Jahres den gesetzlichen Bestimmungen gem\u00e4\u00df<br>\nm) sonstigen Aufgaben, die in den internen Vorschriften\/Methodologien\/Verfahren der UO vorgesehen sind und vom Senat der Universit\u00e4t von Oradea den geltenden Rechtsvorschriften gem\u00e4\u00df genehmigt wurden<br>\n\n<strong>5.2. Zusammensetzung :<\/strong><br>\nPr\u00e4sident Prodekan Lektor Dr. Diana Per\u021bica\u0219<br>\nMitglieder:<br>\nDoz.Dr. Fora Andreea<br>\nDoz.Dr. Adrian Florea<br>\nDoz.Dr. Dorina Popa<br>\nRahela Filip- Studentenvertreter Studienbereich Betriebswirtschaft<br>\nDenisa Bodea- Studentenvertreter Studienbereich Buchhaltung<br>\nLivia Zberea- Studentenvertreter Studienbereich Finanzwesen<br>\nBianca Gan\u021ba- Studentenvertreter Studienbereich Wirtschaft und internationale Handelsbeziehungen<br>\nPatricia Vinter- Studentenvertreter Studienbereich Management<br>\nImre Renata \u2013 Studentenvertreter Studienbereich Marketing<br>\nChefsekret\u00e4r der Fakult\u00e4t: Florentina Urs<br>\nGast: Vertreter der repr\u00e4sentativen Studentenvereine<br><\/li>\n<\/ul>\n<\/li>\n<\/ul>\n<p><!-- \/wp:list-item --><\/p>\n<p><!-- \/wp:list --><!-- wp:paragraph --><\/p>\n<p><!-- \/wp:paragraph --><!-- wp:list {\"ordered\":true} --><\/p>\n<ul class=\"wp-block-list\">\n<li style=\"list-style-type: none;\">\n<ul class=\"wp-block-list\"><!-- wp:list-item --><\/ul>\n<\/li>\n<\/ul>\n<p>\u00a0<\/p>\n<ul>\n<li style=\"list-style-type: none;\">\n<ul class=\"wp-block-list\">\n<li class=\" translation-block\"><strong>Komitee f\u00fcr Kommunikation, Werbung und akademisches Corporate Identity<\/strong><br>\n6.1.Aufgaben und Zust\u00e4ndigkeiten: analysiert und gibt eine Stellungnahme\/Empfehlung oder erteilt gegebenenfalls eine beratende Stellungnahme (gem\u00e4\u00df Artikel 11 dieser Verordnung) zu:<br>\na) f\u00fcr diesen Bereich vorgeschlagenen Vorschriften<br>\nb) der T\u00e4tigkeit des Dekans, der Prodekane und der Abteilungsleiter in diesem Bereich<br>\nc) der Werbe- und Kommunikationsstrategie zur Steigerung der Sichtbarkeit und Attraktivit\u00e4t der Fakult\u00e4t<br>\nd) der Verwaltung der Webseite und der Social-Media-Seiten der Fakult\u00e4t<br>\ne) Kontaktkn\u00fcpfung und -pflege zu den Mass-Medien, f\u00fcr Werbezwecke f\u00fcr die Fakult\u00e4t und Auskunfterteilung \u00fcber Studieng\u00e4nge, Veranstaltungen und Leistungen der Institution;<br>\nf) Organisierung von Veranstaltungen f\u00fcr Werbezwecke f\u00fcr die Studieng\u00e4nge der Fakult\u00e4t und zur Anziehung potenzieller Studierenden.<br>\ng) Erstellung und Verteilung von Informationsmaterialien zur Vorstellung der Fakult\u00e4t und ihres Bildungsangebots.<br>\nh) Einbeziehung der Absolventen der Fakult\u00e4t in die Aktivit\u00e4ten der Institution und Angebot von M\u00f6glichkeiten f\u00fcr Zusammenarbeit<br>\n\n<strong>6.2. Zusammensetzung:<\/strong><br>\nPr\u00e4sident Prodekan Doz.Dr. Dorin Cristian Coita<br>\nMitglieder:<br>\nProf.Dr. habil. Ban Olimpia<br>\nDoz.Dr. Florea Adrian<br>\nDoz.Dr. Carmen Scorte<br>\nDoz.Dr. habil. Lauren\u021biu Droj<br>\nDoz.Dr. Corneliu Ben\u021be<br>\nLektor Dr. Sasu Dinu<br>\nLektor Dr. Cristina Abrudan<br>\nLektor Dr. Adrian Negrea<br>\nLektor Dr. Andra Porumb<br>\nLektor Dr. Sim Monica<br>\nLektor Dr. Herte Elena<br>\nLektor Dr. Gavrilut Darie<br>\nLektor Dr. Remus Ro\u0219ca<br>\nLektor Dr. Bogdan Rodica<br>\nStudentin Bodea Denisa<br>\nStudentin Filip Rahela<br><\/li>\n<\/ul>\n<\/li>\n<\/ul>\n<p><!-- \/wp:list-item --><\/p>\n<p><!-- \/wp:list --><!-- wp:paragraph --><\/p>\n<p><!-- \/wp:paragraph --><!-- wp:list {\"ordered\":true} --><\/p>\n<ul class=\"wp-block-list\">\n<li style=\"list-style-type: none;\">\n<ul class=\"wp-block-list\"><!-- wp:list-item --><\/ul>\n<\/li>\n<\/ul>\n<ul class=\"wp-block-list\">\n<li style=\"list-style-type: none;\">\n<ul class=\"wp-block-list\">\n<li class=\" translation-block\"><strong>Komitee f\u00fcr den Einsatz des internen Managementkontrollsystems<\/strong><br>\n7.1.Aufgaben und Zust\u00e4ndigkeiten: analysiert und gibt eine Stellungnahme\/Empfehlung oder erteilt gegebenenfalls eine beratende Stellungnahme (gem\u00e4\u00df Artikel 10 dieser Verordnung) zu:<br>\na) den f\u00fcr diesen Bereich vorgeschlagenen Verordnungen<br>\nb) den von den Abteilungen der Fakult\u00e4t f\u00fcr Wirtschaftswissenschaften erstellten j\u00e4hrlichen Risikoregistern und deren Anh\u00e4ngen<br>\nc) Auflistung der Situationen, die zu Unterbrechungen der T\u00e4tigkeit f\u00fchren k\u00f6nnen, und zu Ma\u00dfnahmen, die deren Auftreten innerhalb der Fakult\u00e4t f\u00fcr Wirtschaftswissenschaften verhindern sollen<br>\nd) Indikatoren f\u00fcr spezifische Ziele im Rahmen der Fakult\u00e4t f\u00fcr Wirtschaftswissenschaften<br>\ne) dem Risikomanagement f\u00fcr die Fakult\u00e4t f\u00fcr Wirtschaftswissenschaften<br>\nf) sonstigen Aufgaben, die in den internen Vorschriften\/Methodologien\/Verfahren der UO vorgesehen sind und vom Senat der Universit\u00e4t von Oradea den geltenden Rechtsvorschriften gem\u00e4\u00df genehmigt wurden<br>\n\n<strong>7.2. Zusammensetzung:<\/strong><br>\nPr\u00e4sident: Prof.Dr. habil. Diana Sab\u0103u-Popa<br>\nProf.Dr. habil. Ioan Dan Morar<br>\nProf.Dr. habil Madela Abrudan<br>\nProf.Dr. habil. Dorin B\u00e2c<br>\nDoz.Dr.habil. Nicoleta Bugnar<br>\nProf.Dr. habil. Olimpia Ban<br>\nChefverwalter der Fakult\u00e4t<br>\nChefsekret\u00e4r: Florentina Urs<br><\/li>\n<\/ul>\n<\/li>\n<\/ul>\n<p><!-- \/wp:list-item --><\/p>\n<p><!-- \/wp:list --><\/p>\t\t\t\t\t\t\t\t<\/div>\n\t\t\t\t<\/div>\n\t\t\t\t\t<\/div>\n\t\t\t\t<\/div>\n\t\t\t\t<\/div>","protected":false},"excerpt":{"rendered":"<p>Comisiile de specialitate ale consiliului FSE pentru mandatul 2023-2028 Comisiile de specialitate ale consiliului FSE pentru\u00a0 a.u 2024-2025 Comisia pentru organizarea \u015fi desf\u0103\u015furarea procesului de \u00eenv\u0103\u0163\u0103m\u00e2nt1.1.Atribu\u0163ii \u015fi competen\u0163e: analizeaz\u0103 \u0219i exprim\u0103 un punct de vedere\/recomandare sau d\u0103 avizconsultativ, dup\u0103 caz (conform articolului 11 din prezentul regulament), cu privire la:a) regulamentele propuse pe acest domeniub) programele [&hellip;]<\/p>\n","protected":false},"author":4,"featured_media":0,"comment_status":"closed","ping_status":"open","sticky":false,"template":"","format":"standard","meta":{"footnotes":""},"categories":[1],"tags":[],"post_folder":[],"class_list":["post-10128","post","type-post","status-publish","format-standard","hentry","category-uncategorized"],"_links":{"self":[{"href":"https:\/\/steconomice.uoradea.ro\/de\/wp-json\/wp\/v2\/posts\/10128","targetHints":{"allow":["GET"]}}],"collection":[{"href":"https:\/\/steconomice.uoradea.ro\/de\/wp-json\/wp\/v2\/posts"}],"about":[{"href":"https:\/\/steconomice.uoradea.ro\/de\/wp-json\/wp\/v2\/types\/post"}],"author":[{"embeddable":true,"href":"https:\/\/steconomice.uoradea.ro\/de\/wp-json\/wp\/v2\/users\/4"}],"replies":[{"embeddable":true,"href":"https:\/\/steconomice.uoradea.ro\/de\/wp-json\/wp\/v2\/comments?post=10128"}],"version-history":[{"count":26,"href":"https:\/\/steconomice.uoradea.ro\/de\/wp-json\/wp\/v2\/posts\/10128\/revisions"}],"predecessor-version":[{"id":11952,"href":"https:\/\/steconomice.uoradea.ro\/de\/wp-json\/wp\/v2\/posts\/10128\/revisions\/11952"}],"wp:attachment":[{"href":"https:\/\/steconomice.uoradea.ro\/de\/wp-json\/wp\/v2\/media?parent=10128"}],"wp:term":[{"taxonomy":"category","embeddable":true,"href":"https:\/\/steconomice.uoradea.ro\/de\/wp-json\/wp\/v2\/categories?post=10128"},{"taxonomy":"post_tag","embeddable":true,"href":"https:\/\/steconomice.uoradea.ro\/de\/wp-json\/wp\/v2\/tags?post=10128"},{"taxonomy":"post_folder","embeddable":true,"href":"https:\/\/steconomice.uoradea.ro\/de\/wp-json\/wp\/v2\/post_folder?post=10128"}],"curies":[{"name":"wp","href":"https:\/\/api.w.org\/{rel}","templated":true}]}}